{"id":95168,"date":"2021-07-05T10:43:27","date_gmt":"2021-07-05T13:43:27","guid":{"rendered":"https:\/\/eldiariodesanpedro.com.ar\/sitio\/?p=95168"},"modified":"2021-07-05T10:51:24","modified_gmt":"2021-07-05T13:51:24","slug":"tres-fiesta-clandestinas-con-mucha-concurrencia-desbaratadas-este-fin-de-semana","status":"publish","type":"post","link":"https:\/\/eldiariodesanpedro.com.ar\/sitio\/tres-fiesta-clandestinas-con-mucha-concurrencia-desbaratadas-este-fin-de-semana\/","title":{"rendered":"Tres fiesta clandestinas con mucha concurrencia desbaratadas este fin de semana"},"content":{"rendered":"<!-- VideographyWP Plugin Message: Automatic video embedding prevented by plugin options. -->\n\n<p>El pasado domingo en horas de la madrugada, el personal policial en el marco de operativo nocturnidad conjuntamente inspecci\u00f3n municipal procede en calle Mitre al 1800 vivienda particular, procede a&nbsp; desarticular fiesta clandestina con la concurrencia de aproximadamente 20 personas procediendo a labrar infracci\u00f3n penal y por las disposiciones del c\u00f3digo de faltas, traslad\u00e1ndose a sede policial a dos organizadores\/moradores ambos masculinos de 20 a\u00f1os, imputados en las actuaciones labradas.&nbsp;&nbsp;<\/p>\n\n\n\n<p>Tambi\u00e9n en la misma noche, otra hecho similar en calle Facundo Quiroga N\u00b0 145 vivienda particular procede a&nbsp; desarticular fiesta clandestina donde exist\u00edan al menos 20 concurrentes traslad\u00e1ndose organizador\/morador masculino de 41 a\u00f1os.&nbsp;&nbsp;<\/p>\n\n\n\n<p>Adem\u00e1s se procede en calle Libertad n\u00b0 315 vivienda particular a&nbsp; desarticular fiesta clandestina donde exist\u00edan al menos 80 concurrentes traslad\u00e1ndose&nbsp; a sede policial a organizadores\/moradores, masculinos de 20 y 21 a\u00f1os.&nbsp;<\/p>\n\n\n\n<p>Los tres procedimientos se dieron entre las 02:30 y 04 horas y los organizadores fueron informados de la causa por violaci\u00f3n al art\u00edculo 205 e informando al Juzgado de Paz de San Pedro.<\/p>\n\n\n\n<p>Fiesta Clandestina en Rio Tala<br>Tambi\u00e9n sucedi\u00f3 que la policial del destacamento rio tala acudi\u00f3 a domicilio particular calle Camelino al 500 desde donde traslado a femenina 47 a\u00f1os, quien se encontraba realizando reuni\u00f3n clandestina y festejo donde se encontraban alrededor de 30 personas.- intervino la justicia local y juzgado de faltas local\u00a0<\/p>\n","protected":false},"excerpt":{"rendered":"<p>El pasado domingo en horas de la madrugada, el personal policial en el marco de operativo nocturnidad conjuntamente inspecci\u00f3n municipal procede en calle Mitre al 1800 vivienda particular, procede a&nbsp; desarticular fiesta clandestina con la concurrencia de aproximadamente 20 personas procediendo a labrar infracci\u00f3n penal y por las disposiciones del c\u00f3digo de faltas, traslad\u00e1ndose a [&hellip;]<\/p>\n","protected":false},"author":4,"featured_media":94538,"comment_status":"open","ping_status":"closed","sticky":false,"template":"","format":"standard","meta":{"om_disable_all_campaigns":false,"_jetpack_memberships_contains_paid_content":false,"footnotes":""},"categories":[2,103],"tags":[],"class_list":["post-95168","post","type-post","status-publish","format-standard","has-post-thumbnail","hentry","category-locales","category-policiales-locales"],"aioseo_notices":[],"gutentor_comment":0,"jetpack_featured_media_url":"https:\/\/eldiariodesanpedro.com.ar\/sitio\/wp-content\/uploads\/2021\/06\/5ffb21c07e8ba_1004x565.jpg","jetpack_shortlink":"https:\/\/wp.me\/p6RhLt-oKY","jetpack_sharing_enabled":true,"_links":{"self":[{"href":"https:\/\/eldiariodesanpedro.com.ar\/sitio\/wp-json\/wp\/v2\/posts\/95168","targetHints":{"allow":["GET"]}}],"collection":[{"href":"https:\/\/eldiariodesanpedro.com.ar\/sitio\/wp-json\/wp\/v2\/posts"}],"about":[{"href":"https:\/\/eldiariodesanpedro.com.ar\/sitio\/wp-json\/wp\/v2\/types\/post"}],"author":[{"embeddable":true,"href":"https:\/\/eldiariodesanpedro.com.ar\/sitio\/wp-json\/wp\/v2\/users\/4"}],"replies":[{"embeddable":true,"href":"https:\/\/eldiariodesanpedro.com.ar\/sitio\/wp-json\/wp\/v2\/comments?post=95168"}],"version-history":[{"count":3,"href":"https:\/\/eldiariodesanpedro.com.ar\/sitio\/wp-json\/wp\/v2\/posts\/95168\/revisions"}],"predecessor-version":[{"id":95180,"href":"https:\/\/eldiariodesanpedro.com.ar\/sitio\/wp-json\/wp\/v2\/posts\/95168\/revisions\/95180"}],"wp:featuredmedia":[{"embeddable":true,"href":"https:\/\/eldiariodesanpedro.com.ar\/sitio\/wp-json\/wp\/v2\/media\/94538"}],"wp:attachment":[{"href":"https:\/\/eldiariodesanpedro.com.ar\/sitio\/wp-json\/wp\/v2\/media?parent=95168"}],"wp:term":[{"taxonomy":"category","embeddable":true,"href":"https:\/\/eldiariodesanpedro.com.ar\/sitio\/wp-json\/wp\/v2\/categories?post=95168"},{"taxonomy":"post_tag","embeddable":true,"href":"https:\/\/eldiariodesanpedro.com.ar\/sitio\/wp-json\/wp\/v2\/tags?post=95168"}],"curies":[{"name":"wp","href":"https:\/\/api.w.org\/{rel}","templated":true}]}}