{"id":9516,"date":"2016-11-01T18:32:22","date_gmt":"2016-11-01T21:32:22","guid":{"rendered":"https:\/\/eldiariodesanpedro.com.ar\/sitio\/?p=9516"},"modified":"2016-11-01T18:32:22","modified_gmt":"2016-11-01T21:32:22","slug":"la-cooperadora-realizo-una-nueva-entrega-para-el-hospital","status":"publish","type":"post","link":"https:\/\/eldiariodesanpedro.com.ar\/sitio\/la-cooperadora-realizo-una-nueva-entrega-para-el-hospital\/","title":{"rendered":"La Cooperadora realiz\u00f3 una nueva entrega para el Hospital"},"content":{"rendered":"<p><!-- VideographyWP Plugin Message: Automatic video embedding prevented by plugin options. --><br \/>\nDurante la ma\u00f1ana del lunes los integrantes de la Cooperadora del Hospital hicieron entrega de una importante cantidad de elementos que fueron destinados a distintas \u00e1reas del nosocomio.<br \/>\nLo aportado pertenece al mes de octubre y fue adquirido a trav\u00e9s de lo que la Cooperadora va recaudando en base a las colaboraciones, eventos y reuniones que realiza habitualmente.<br \/>\nLo entregado a la Direcci\u00f3n del Hospital Emilio Ruffa fue lo siguiente: un carro de cocina y elementos para la cocina, como asaderas, tetera, secaplatos, cubiertos, paneras, recipientes de pl\u00e1sticos, pelapapas, jarros para la leche, entre otros.<br \/>\nAdem\u00e1s se entreg\u00f3 un cardiodesfibrilador con adaptadores para pediatr\u00eda, trampas de agua para el monitor param\u00e9trico, elementos que fueron destinado al \u00e1rea de cirug\u00eda. Tambi\u00e9n se otorg\u00f3 un aire acondicionado de 6000 frigor\u00edas para hemoterapia, 15 juegos de s\u00e1banas, 6 juegos de toallones, 50 almohadas para roper\u00eda y un tabl\u00f3n de melamina para hacer una mesada para el laboratorio.<\/p>\n","protected":false},"excerpt":{"rendered":"<p>Durante la ma\u00f1ana del lunes los integrantes de la Cooperadora del Hospital hicieron entrega de una importante cantidad de elementos que fueron destinados a distintas \u00e1reas del nosocomio. Lo aportado pertenece al mes de octubre y fue adquirido a trav\u00e9s de lo que la Cooperadora va recaudando en base a las colaboraciones, eventos y reuniones [&hellip;]<\/p>\n","protected":false},"author":4,"featured_media":9457,"comment_status":"open","ping_status":"closed","sticky":false,"template":"","format":"standard","meta":{"om_disable_all_campaigns":false,"_jetpack_memberships_contains_paid_content":false,"footnotes":""},"categories":[101,2],"tags":[645,634],"class_list":["post-9516","post","type-post","status-publish","format-standard","has-post-thumbnail","hentry","category-interes-general-locales","category-locales","tag-cooperadora","tag-hospital"],"aioseo_notices":[],"gutentor_comment":0,"jetpack_featured_media_url":"https:\/\/eldiariodesanpedro.com.ar\/sitio\/wp-content\/uploads\/2016\/10\/HOSPITAL-subzonal-san-pedro.jpg","jetpack_shortlink":"https:\/\/wp.me\/p6RhLt-2tu","jetpack_sharing_enabled":true,"_links":{"self":[{"href":"https:\/\/eldiariodesanpedro.com.ar\/sitio\/wp-json\/wp\/v2\/posts\/9516","targetHints":{"allow":["GET"]}}],"collection":[{"href":"https:\/\/eldiariodesanpedro.com.ar\/sitio\/wp-json\/wp\/v2\/posts"}],"about":[{"href":"https:\/\/eldiariodesanpedro.com.ar\/sitio\/wp-json\/wp\/v2\/types\/post"}],"author":[{"embeddable":true,"href":"https:\/\/eldiariodesanpedro.com.ar\/sitio\/wp-json\/wp\/v2\/users\/4"}],"replies":[{"embeddable":true,"href":"https:\/\/eldiariodesanpedro.com.ar\/sitio\/wp-json\/wp\/v2\/comments?post=9516"}],"version-history":[{"count":1,"href":"https:\/\/eldiariodesanpedro.com.ar\/sitio\/wp-json\/wp\/v2\/posts\/9516\/revisions"}],"predecessor-version":[{"id":9518,"href":"https:\/\/eldiariodesanpedro.com.ar\/sitio\/wp-json\/wp\/v2\/posts\/9516\/revisions\/9518"}],"wp:featuredmedia":[{"embeddable":true,"href":"https:\/\/eldiariodesanpedro.com.ar\/sitio\/wp-json\/wp\/v2\/media\/9457"}],"wp:attachment":[{"href":"https:\/\/eldiariodesanpedro.com.ar\/sitio\/wp-json\/wp\/v2\/media?parent=9516"}],"wp:term":[{"taxonomy":"category","embeddable":true,"href":"https:\/\/eldiariodesanpedro.com.ar\/sitio\/wp-json\/wp\/v2\/categories?post=9516"},{"taxonomy":"post_tag","embeddable":true,"href":"https:\/\/eldiariodesanpedro.com.ar\/sitio\/wp-json\/wp\/v2\/tags?post=9516"}],"curies":[{"name":"wp","href":"https:\/\/api.w.org\/{rel}","templated":true}]}}