{"id":95153,"date":"2021-07-03T19:27:55","date_gmt":"2021-07-03T22:27:55","guid":{"rendered":"https:\/\/eldiariodesanpedro.com.ar\/sitio\/?p=95153"},"modified":"2021-07-03T19:27:59","modified_gmt":"2021-07-03T22:27:59","slug":"evolucion-san-pedro-y-ateneo-radical-estuvieron-juntando-firmas-para-el-apoyo-a-facundo-manes","status":"publish","type":"post","link":"https:\/\/eldiariodesanpedro.com.ar\/sitio\/evolucion-san-pedro-y-ateneo-radical-estuvieron-juntando-firmas-para-el-apoyo-a-facundo-manes\/","title":{"rendered":"Evoluci\u00f3n San Pedro y Ateneo radical estuvieron juntando firmas para el apoyo a Facundo Manes"},"content":{"rendered":"<!-- VideographyWP Plugin Message: Automatic video embedding prevented by plugin options. -->\n\n<p>En la tarde de hoy en la zona centro ca de nuestra ciudad representantes de Evoluci\u00f3n San Pedro acompa\u00f1ados por el Ateneo UCR San Pedro estuvieron juntando firmas para apoyar a Facundo Manes para que participe en las pr\u00f3ximas elecciones legislativas representando a la Uni\u00f3n C\u00edvica Radical.<\/p>\n\n\n\n<p>La actividad fue realizada por los referentes de Evoluci\u00f3n San Pedro encabezados por Enzo Gravino en conjunto con quienes llevan adelante el Ateneo Radical presidido por Marcelo Paganucchi.<br>En esta oportunidad juntando avales para la candidatura de Facundo Manes como Diputado Nacional y llevando a la sociedad el mensaje de unidad entre dos espacios del radicalismo que tienen un objetivo com\u00fan y es el bienestar de la sociedad en su conjunto. <\/p>\n\n\n\n<p>Seg\u00fan explicaron sus lideres, en los pr\u00f3ximos d\u00edas estas actividades ser\u00e1n trasladadas a las localidades para seguir buscando apoyo al partido Radical de nuestra cuidad. <\/p>\n\n\n\n<p>El m\u00e9dico Facundo Manes confirm\u00f3 hoy que ser\u00e1 candidato a diputado nacional en la provincia de Buenos Aires en las pr\u00f3ximas legislativas. Impulsado por la UCR, que intenta disputarle a Pro el liderazgo de Juntos por el Cambio, el neur\u00f3logo acept\u00f3 la propuesta de sus correligionarios y dar\u00e1 el salto a la arena pol\u00edtica en estas elecciones de medio t\u00e9rmino. En su debut como postulante del radicalismo, Manes podr\u00eda enfrentar en las PASO del 12 de septiembre a Diego Santilli, el delf\u00edn de Horacio Rodr\u00edguez Larreta, y Jorge Macri, intendente de Vicente L\u00f3pez, quien rechaza la incursi\u00f3n del vicejefe porte\u00f1o en el terru\u00f1o bonaerense.<\/p>\n","protected":false},"excerpt":{"rendered":"<p>En la tarde de hoy en la zona centro ca de nuestra ciudad representantes de Evoluci\u00f3n San Pedro acompa\u00f1ados por el Ateneo UCR San Pedro estuvieron juntando firmas para apoyar a Facundo Manes para que participe en las pr\u00f3ximas elecciones legislativas representando a la Uni\u00f3n C\u00edvica Radical. La actividad fue realizada por los referentes de [&hellip;]<\/p>\n","protected":false},"author":4,"featured_media":95154,"comment_status":"open","ping_status":"closed","sticky":false,"template":"","format":"standard","meta":{"om_disable_all_campaigns":false,"_jetpack_memberships_contains_paid_content":false,"footnotes":""},"categories":[50,101,2],"tags":[],"class_list":["post-95153","post","type-post","status-publish","format-standard","has-post-thumbnail","hentry","category-destacadas","category-interes-general-locales","category-locales"],"aioseo_notices":[],"gutentor_comment":0,"jetpack_featured_media_url":"https:\/\/eldiariodesanpedro.com.ar\/sitio\/wp-content\/uploads\/2021\/07\/WhatsApp-Image-2021-07-03-at-19.05.13.jpeg","jetpack_shortlink":"https:\/\/wp.me\/p6RhLt-oKJ","jetpack_sharing_enabled":true,"_links":{"self":[{"href":"https:\/\/eldiariodesanpedro.com.ar\/sitio\/wp-json\/wp\/v2\/posts\/95153","targetHints":{"allow":["GET"]}}],"collection":[{"href":"https:\/\/eldiariodesanpedro.com.ar\/sitio\/wp-json\/wp\/v2\/posts"}],"about":[{"href":"https:\/\/eldiariodesanpedro.com.ar\/sitio\/wp-json\/wp\/v2\/types\/post"}],"author":[{"embeddable":true,"href":"https:\/\/eldiariodesanpedro.com.ar\/sitio\/wp-json\/wp\/v2\/users\/4"}],"replies":[{"embeddable":true,"href":"https:\/\/eldiariodesanpedro.com.ar\/sitio\/wp-json\/wp\/v2\/comments?post=95153"}],"version-history":[{"count":1,"href":"https:\/\/eldiariodesanpedro.com.ar\/sitio\/wp-json\/wp\/v2\/posts\/95153\/revisions"}],"predecessor-version":[{"id":95155,"href":"https:\/\/eldiariodesanpedro.com.ar\/sitio\/wp-json\/wp\/v2\/posts\/95153\/revisions\/95155"}],"wp:featuredmedia":[{"embeddable":true,"href":"https:\/\/eldiariodesanpedro.com.ar\/sitio\/wp-json\/wp\/v2\/media\/95154"}],"wp:attachment":[{"href":"https:\/\/eldiariodesanpedro.com.ar\/sitio\/wp-json\/wp\/v2\/media?parent=95153"}],"wp:term":[{"taxonomy":"category","embeddable":true,"href":"https:\/\/eldiariodesanpedro.com.ar\/sitio\/wp-json\/wp\/v2\/categories?post=95153"},{"taxonomy":"post_tag","embeddable":true,"href":"https:\/\/eldiariodesanpedro.com.ar\/sitio\/wp-json\/wp\/v2\/tags?post=95153"}],"curies":[{"name":"wp","href":"https:\/\/api.w.org\/{rel}","templated":true}]}}