{"id":95148,"date":"2021-07-03T15:45:49","date_gmt":"2021-07-03T18:45:49","guid":{"rendered":"https:\/\/eldiariodesanpedro.com.ar\/sitio\/?p=95148"},"modified":"2021-07-03T15:45:53","modified_gmt":"2021-07-03T18:45:53","slug":"punto-de-inscripcion-en-el-programa-de-vacunacion-en-el-puerto-de-san-pedro","status":"publish","type":"post","link":"https:\/\/eldiariodesanpedro.com.ar\/sitio\/punto-de-inscripcion-en-el-programa-de-vacunacion-en-el-puerto-de-san-pedro\/","title":{"rendered":"Punto de inscripci\u00f3n en el programa de vacunaci\u00f3n en el Puerto de San Pedro"},"content":{"rendered":"<!-- VideographyWP Plugin Message: Automatic video embedding prevented by plugin options. -->\n\n<p>El Consorcio de Gesti\u00f3n del Puerto de San Pedro pondr\u00e1 en marcha un plan de inscripci\u00f3n para todo el personal relacionado directa e indirectamente con la actividad portuaria y para todos los vecinos de las zonas aleda\u00f1as, en el que se brindar\u00e1 informaci\u00f3n sobre el Plan de Vacunaci\u00f3n contra el Covid-19.<\/p>\n\n\n\n<p>Junto a la Subsecretar\u00eda de Asuntos Portuarios de la Provincia de Buenos Aires y en articulaci\u00f3n con el Ministerio de Salud y la coordinaci\u00f3n del Plan Vacunate, desde este lunes 5 de julio de 9 a 14 funcionar\u00e1 un punto de inscripci\u00f3n e informaci\u00f3n sobre el tema.<\/p>\n","protected":false},"excerpt":{"rendered":"<p>El Consorcio de Gesti\u00f3n del Puerto de San Pedro pondr\u00e1 en marcha un plan de inscripci\u00f3n para todo el personal relacionado directa e indirectamente con la actividad portuaria y para todos los vecinos de las zonas aleda\u00f1as, en el que se brindar\u00e1 informaci\u00f3n sobre el Plan de Vacunaci\u00f3n contra el Covid-19. Junto a la Subsecretar\u00eda [&hellip;]<\/p>\n","protected":false},"author":4,"featured_media":95149,"comment_status":"open","ping_status":"closed","sticky":false,"template":"","format":"standard","meta":{"om_disable_all_campaigns":false,"_jetpack_memberships_contains_paid_content":false,"footnotes":""},"categories":[101,2],"tags":[],"class_list":["post-95148","post","type-post","status-publish","format-standard","has-post-thumbnail","hentry","category-interes-general-locales","category-locales"],"aioseo_notices":[],"gutentor_comment":0,"jetpack_featured_media_url":"https:\/\/eldiariodesanpedro.com.ar\/sitio\/wp-content\/uploads\/2021\/07\/puerto_vr_2.jpg","jetpack_shortlink":"https:\/\/wp.me\/p6RhLt-oKE","jetpack_sharing_enabled":true,"_links":{"self":[{"href":"https:\/\/eldiariodesanpedro.com.ar\/sitio\/wp-json\/wp\/v2\/posts\/95148","targetHints":{"allow":["GET"]}}],"collection":[{"href":"https:\/\/eldiariodesanpedro.com.ar\/sitio\/wp-json\/wp\/v2\/posts"}],"about":[{"href":"https:\/\/eldiariodesanpedro.com.ar\/sitio\/wp-json\/wp\/v2\/types\/post"}],"author":[{"embeddable":true,"href":"https:\/\/eldiariodesanpedro.com.ar\/sitio\/wp-json\/wp\/v2\/users\/4"}],"replies":[{"embeddable":true,"href":"https:\/\/eldiariodesanpedro.com.ar\/sitio\/wp-json\/wp\/v2\/comments?post=95148"}],"version-history":[{"count":1,"href":"https:\/\/eldiariodesanpedro.com.ar\/sitio\/wp-json\/wp\/v2\/posts\/95148\/revisions"}],"predecessor-version":[{"id":95150,"href":"https:\/\/eldiariodesanpedro.com.ar\/sitio\/wp-json\/wp\/v2\/posts\/95148\/revisions\/95150"}],"wp:featuredmedia":[{"embeddable":true,"href":"https:\/\/eldiariodesanpedro.com.ar\/sitio\/wp-json\/wp\/v2\/media\/95149"}],"wp:attachment":[{"href":"https:\/\/eldiariodesanpedro.com.ar\/sitio\/wp-json\/wp\/v2\/media?parent=95148"}],"wp:term":[{"taxonomy":"category","embeddable":true,"href":"https:\/\/eldiariodesanpedro.com.ar\/sitio\/wp-json\/wp\/v2\/categories?post=95148"},{"taxonomy":"post_tag","embeddable":true,"href":"https:\/\/eldiariodesanpedro.com.ar\/sitio\/wp-json\/wp\/v2\/tags?post=95148"}],"curies":[{"name":"wp","href":"https:\/\/api.w.org\/{rel}","templated":true}]}}