{"id":95143,"date":"2021-07-03T12:38:40","date_gmt":"2021-07-03T15:38:40","guid":{"rendered":"https:\/\/eldiariodesanpedro.com.ar\/sitio\/?p=95143"},"modified":"2021-07-03T12:38:45","modified_gmt":"2021-07-03T15:38:45","slug":"aprehenden-a-un-joven-que-conducia-en-estado-de-ebriedad-que-esquivo-un-operativo","status":"publish","type":"post","link":"https:\/\/eldiariodesanpedro.com.ar\/sitio\/aprehenden-a-un-joven-que-conducia-en-estado-de-ebriedad-que-esquivo-un-operativo\/","title":{"rendered":"Aprehenden a un joven que conduc\u00eda en estado de ebriedad que esquivo un operativo"},"content":{"rendered":"<!-- VideographyWP Plugin Message: Automatic video embedding prevented by plugin options. -->\n\n<p>En horas de la madrugada del d\u00eda de hoy alrededor de las 03 hs el personal policial operativo nocturnidad juntamente personal inspecci\u00f3n tr\u00e1nsito municipal, en calle 11 de Septiembre entre calle Saavedra y Facundo Quiroga procede aprehensi\u00f3n masculino de 25 a\u00f1os, quien momentos previos en estado ebriedad escapa a gran velocidad de operativo policial a bordo de una camioneta Pickup poniendo en peligro la integridad f\u00edsica del personal presente.&nbsp;<\/p>\n\n\n\n<p>Afortunadamente los efectivos policiales y municipales resultaron ilesos.<\/p>\n","protected":false},"excerpt":{"rendered":"<p>En horas de la madrugada del d\u00eda de hoy alrededor de las 03 hs el personal policial operativo nocturnidad juntamente personal inspecci\u00f3n tr\u00e1nsito municipal, en calle 11 de Septiembre entre calle Saavedra y Facundo Quiroga procede aprehensi\u00f3n masculino de 25 a\u00f1os, quien momentos previos en estado ebriedad escapa a gran velocidad de operativo policial a [&hellip;]<\/p>\n","protected":false},"author":4,"featured_media":77860,"comment_status":"open","ping_status":"closed","sticky":false,"template":"","format":"standard","meta":{"om_disable_all_campaigns":false,"_jetpack_memberships_contains_paid_content":false,"footnotes":""},"categories":[2,103],"tags":[],"class_list":["post-95143","post","type-post","status-publish","format-standard","has-post-thumbnail","hentry","category-locales","category-policiales-locales"],"aioseo_notices":[],"gutentor_comment":0,"jetpack_featured_media_url":"https:\/\/eldiariodesanpedro.com.ar\/sitio\/wp-content\/uploads\/2020\/07\/000085506.jpg","jetpack_shortlink":"https:\/\/wp.me\/p6RhLt-oKz","jetpack_sharing_enabled":true,"_links":{"self":[{"href":"https:\/\/eldiariodesanpedro.com.ar\/sitio\/wp-json\/wp\/v2\/posts\/95143","targetHints":{"allow":["GET"]}}],"collection":[{"href":"https:\/\/eldiariodesanpedro.com.ar\/sitio\/wp-json\/wp\/v2\/posts"}],"about":[{"href":"https:\/\/eldiariodesanpedro.com.ar\/sitio\/wp-json\/wp\/v2\/types\/post"}],"author":[{"embeddable":true,"href":"https:\/\/eldiariodesanpedro.com.ar\/sitio\/wp-json\/wp\/v2\/users\/4"}],"replies":[{"embeddable":true,"href":"https:\/\/eldiariodesanpedro.com.ar\/sitio\/wp-json\/wp\/v2\/comments?post=95143"}],"version-history":[{"count":1,"href":"https:\/\/eldiariodesanpedro.com.ar\/sitio\/wp-json\/wp\/v2\/posts\/95143\/revisions"}],"predecessor-version":[{"id":95144,"href":"https:\/\/eldiariodesanpedro.com.ar\/sitio\/wp-json\/wp\/v2\/posts\/95143\/revisions\/95144"}],"wp:featuredmedia":[{"embeddable":true,"href":"https:\/\/eldiariodesanpedro.com.ar\/sitio\/wp-json\/wp\/v2\/media\/77860"}],"wp:attachment":[{"href":"https:\/\/eldiariodesanpedro.com.ar\/sitio\/wp-json\/wp\/v2\/media?parent=95143"}],"wp:term":[{"taxonomy":"category","embeddable":true,"href":"https:\/\/eldiariodesanpedro.com.ar\/sitio\/wp-json\/wp\/v2\/categories?post=95143"},{"taxonomy":"post_tag","embeddable":true,"href":"https:\/\/eldiariodesanpedro.com.ar\/sitio\/wp-json\/wp\/v2\/tags?post=95143"}],"curies":[{"name":"wp","href":"https:\/\/api.w.org\/{rel}","templated":true}]}}