{"id":95141,"date":"2021-07-03T12:13:27","date_gmt":"2021-07-03T15:13:27","guid":{"rendered":"https:\/\/eldiariodesanpedro.com.ar\/sitio\/?p=95141"},"modified":"2021-07-03T12:13:31","modified_gmt":"2021-07-03T15:13:31","slug":"circulaba-en-bicicleta-y-le-sustraen-sus-cartera-del-canasto","status":"publish","type":"post","link":"https:\/\/eldiariodesanpedro.com.ar\/sitio\/circulaba-en-bicicleta-y-le-sustraen-sus-cartera-del-canasto\/","title":{"rendered":"Circulaba en bicicleta y le sustraen sus cartera del canasto"},"content":{"rendered":"<!-- VideographyWP Plugin Message: Automatic video embedding prevented by plugin options. -->\n\n<p>El d\u00eda de ayer denunci\u00f3 a una femenina de 69 a\u00f1os, que d\u00eda anterior promediando las 11 horas, momento en que circulaba en su bicicleta al llegar a calle Av. 3 de Febrero, masculino a bordo de otra bicicleta sustrae elementos personales del canasto.<\/p>\n\n\n\n<p>Afortunadamente la victima no sufri\u00f3 heridas y la polic\u00eda investiga el hecho.<\/p>\n","protected":false},"excerpt":{"rendered":"<p>El d\u00eda de ayer denunci\u00f3 a una femenina de 69 a\u00f1os, que d\u00eda anterior promediando las 11 horas, momento en que circulaba en su bicicleta al llegar a calle Av. 3 de Febrero, masculino a bordo de otra bicicleta sustrae elementos personales del canasto. Afortunadamente la victima no sufri\u00f3 heridas y la polic\u00eda investiga el [&hellip;]<\/p>\n","protected":false},"author":4,"featured_media":78843,"comment_status":"open","ping_status":"closed","sticky":false,"template":"","format":"standard","meta":{"om_disable_all_campaigns":false,"_jetpack_memberships_contains_paid_content":false,"footnotes":""},"categories":[2,103],"tags":[],"class_list":["post-95141","post","type-post","status-publish","format-standard","has-post-thumbnail","hentry","category-locales","category-policiales-locales"],"aioseo_notices":[],"gutentor_comment":0,"jetpack_featured_media_url":"https:\/\/eldiariodesanpedro.com.ar\/sitio\/wp-content\/uploads\/2020\/08\/0.jpg","jetpack_shortlink":"https:\/\/wp.me\/p6RhLt-oKx","jetpack_sharing_enabled":true,"_links":{"self":[{"href":"https:\/\/eldiariodesanpedro.com.ar\/sitio\/wp-json\/wp\/v2\/posts\/95141","targetHints":{"allow":["GET"]}}],"collection":[{"href":"https:\/\/eldiariodesanpedro.com.ar\/sitio\/wp-json\/wp\/v2\/posts"}],"about":[{"href":"https:\/\/eldiariodesanpedro.com.ar\/sitio\/wp-json\/wp\/v2\/types\/post"}],"author":[{"embeddable":true,"href":"https:\/\/eldiariodesanpedro.com.ar\/sitio\/wp-json\/wp\/v2\/users\/4"}],"replies":[{"embeddable":true,"href":"https:\/\/eldiariodesanpedro.com.ar\/sitio\/wp-json\/wp\/v2\/comments?post=95141"}],"version-history":[{"count":1,"href":"https:\/\/eldiariodesanpedro.com.ar\/sitio\/wp-json\/wp\/v2\/posts\/95141\/revisions"}],"predecessor-version":[{"id":95142,"href":"https:\/\/eldiariodesanpedro.com.ar\/sitio\/wp-json\/wp\/v2\/posts\/95141\/revisions\/95142"}],"wp:featuredmedia":[{"embeddable":true,"href":"https:\/\/eldiariodesanpedro.com.ar\/sitio\/wp-json\/wp\/v2\/media\/78843"}],"wp:attachment":[{"href":"https:\/\/eldiariodesanpedro.com.ar\/sitio\/wp-json\/wp\/v2\/media?parent=95141"}],"wp:term":[{"taxonomy":"category","embeddable":true,"href":"https:\/\/eldiariodesanpedro.com.ar\/sitio\/wp-json\/wp\/v2\/categories?post=95141"},{"taxonomy":"post_tag","embeddable":true,"href":"https:\/\/eldiariodesanpedro.com.ar\/sitio\/wp-json\/wp\/v2\/tags?post=95141"}],"curies":[{"name":"wp","href":"https:\/\/api.w.org\/{rel}","templated":true}]}}