{"id":95137,"date":"2021-07-03T11:07:33","date_gmt":"2021-07-03T14:07:33","guid":{"rendered":"https:\/\/eldiariodesanpedro.com.ar\/sitio\/?p=95137"},"modified":"2021-07-03T11:07:37","modified_gmt":"2021-07-03T14:07:37","slug":"dos-aprehendidos-por-tenencia-de-estupefacientes-7","status":"publish","type":"post","link":"https:\/\/eldiariodesanpedro.com.ar\/sitio\/dos-aprehendidos-por-tenencia-de-estupefacientes-7\/","title":{"rendered":"Dos aprehendidos por tenencia de estupefacientes"},"content":{"rendered":"<!-- VideographyWP Plugin Message: Automatic video embedding prevented by plugin options. -->\n\n<p>En el d\u00eda de ayer viernes, en horas de la tarde el personal policial realiz\u00f3 dos operativos similares en los cuales se traslad\u00f3 a sede policial a dos hombres mayores de edad a quienes se les secuestr\u00f3 en su poder estupefacientes \u00ednfima cantidad.&nbsp;<\/p>\n\n\n\n<p>Se iniciaron actuaciones por el delito en menci\u00f3n con intervenci\u00f3n de la justicia local.<\/p>\n","protected":false},"excerpt":{"rendered":"<p>En el d\u00eda de ayer viernes, en horas de la tarde el personal policial realiz\u00f3 dos operativos similares en los cuales se traslad\u00f3 a sede policial a dos hombres mayores de edad a quienes se les secuestr\u00f3 en su poder estupefacientes \u00ednfima cantidad.&nbsp; Se iniciaron actuaciones por el delito en menci\u00f3n con intervenci\u00f3n de la [&hellip;]<\/p>\n","protected":false},"author":4,"featured_media":68206,"comment_status":"open","ping_status":"closed","sticky":false,"template":"","format":"standard","meta":{"om_disable_all_campaigns":false,"_jetpack_memberships_contains_paid_content":false,"footnotes":""},"categories":[2,103],"tags":[],"class_list":["post-95137","post","type-post","status-publish","format-standard","has-post-thumbnail","hentry","category-locales","category-policiales-locales"],"aioseo_notices":[],"gutentor_comment":0,"jetpack_featured_media_url":"https:\/\/eldiariodesanpedro.com.ar\/sitio\/wp-content\/uploads\/2020\/02\/SUJETOS-DETENIDOS.jpg","jetpack_shortlink":"https:\/\/wp.me\/p6RhLt-oKt","jetpack_sharing_enabled":true,"_links":{"self":[{"href":"https:\/\/eldiariodesanpedro.com.ar\/sitio\/wp-json\/wp\/v2\/posts\/95137","targetHints":{"allow":["GET"]}}],"collection":[{"href":"https:\/\/eldiariodesanpedro.com.ar\/sitio\/wp-json\/wp\/v2\/posts"}],"about":[{"href":"https:\/\/eldiariodesanpedro.com.ar\/sitio\/wp-json\/wp\/v2\/types\/post"}],"author":[{"embeddable":true,"href":"https:\/\/eldiariodesanpedro.com.ar\/sitio\/wp-json\/wp\/v2\/users\/4"}],"replies":[{"embeddable":true,"href":"https:\/\/eldiariodesanpedro.com.ar\/sitio\/wp-json\/wp\/v2\/comments?post=95137"}],"version-history":[{"count":1,"href":"https:\/\/eldiariodesanpedro.com.ar\/sitio\/wp-json\/wp\/v2\/posts\/95137\/revisions"}],"predecessor-version":[{"id":95138,"href":"https:\/\/eldiariodesanpedro.com.ar\/sitio\/wp-json\/wp\/v2\/posts\/95137\/revisions\/95138"}],"wp:featuredmedia":[{"embeddable":true,"href":"https:\/\/eldiariodesanpedro.com.ar\/sitio\/wp-json\/wp\/v2\/media\/68206"}],"wp:attachment":[{"href":"https:\/\/eldiariodesanpedro.com.ar\/sitio\/wp-json\/wp\/v2\/media?parent=95137"}],"wp:term":[{"taxonomy":"category","embeddable":true,"href":"https:\/\/eldiariodesanpedro.com.ar\/sitio\/wp-json\/wp\/v2\/categories?post=95137"},{"taxonomy":"post_tag","embeddable":true,"href":"https:\/\/eldiariodesanpedro.com.ar\/sitio\/wp-json\/wp\/v2\/tags?post=95137"}],"curies":[{"name":"wp","href":"https:\/\/api.w.org\/{rel}","templated":true}]}}