{"id":95135,"date":"2021-07-03T10:53:45","date_gmt":"2021-07-03T13:53:45","guid":{"rendered":"https:\/\/eldiariodesanpedro.com.ar\/sitio\/?p=95135"},"modified":"2021-07-03T10:53:49","modified_gmt":"2021-07-03T13:53:49","slug":"coronavirus-positivos-43-y-negativos-8-se-realizaron-en-el-laboratorio-del-hospital-los-activos-191-sigue-en-aumento","status":"publish","type":"post","link":"https:\/\/eldiariodesanpedro.com.ar\/sitio\/coronavirus-positivos-43-y-negativos-8-se-realizaron-en-el-laboratorio-del-hospital-los-activos-191-sigue-en-aumento\/","title":{"rendered":"Coronavirus: Positivos 43 y negativos 8 se realizaron en el laboratorio del hospital, los activos 191, sigue en aumento"},"content":{"rendered":"<!-- VideographyWP Plugin Message: Automatic video embedding prevented by plugin options. -->\n\n<p>La Secretar\u00eda de Salud de la Municipalidad de San Pedro brinda el informe que acompa\u00f1a la placa del d\u00eda de la fecha, en el seguimiento de la Pandemia de Covid-19.<\/p>\n\n\n\n<p>Se confirmaron 43 nuevos casos positivos y 8 resultados negativos, a trav\u00e9s de los testeos r\u00e1pidos que se realizan en el Laboratorio del Hospital.<\/p>\n\n\n\n<p>Los positivos est\u00e1n divididos en:<\/p>\n\n\n\n<ul class=\"wp-block-list\"><li>Laboratorio del Hospital:<\/li><li>16 mujeres de 17, 23, 24, 25, 34, 37, 39, 46(2), 48, 50, 56, 59, 60, 64 y 83 a\u00f1os<\/li><li>27 hombres de 11, 20, 21(2), 23, 24, 25(2), 26(2), 28, 29, 30(3), 34, 37, 39(2), 42, 43, 46, 64(2), 67, 68 y 81 a\u00f1os.<\/li><li>En el mediod\u00eda de hoy ser\u00e1n enviadas nuevas muestras, la cantidad ser\u00e1 informada m\u00e1s tarde.<\/li><li>Se incorporan a la estad\u00edstica oficial 14 altas.<\/li><\/ul>\n\n\n\n<p>-En las \u00faltimas 24 horas se informaron los fallecimientos de una mujer de 64 a\u00f1os y un hombre de 44 a\u00f1os, con Covid-19 positivo. Compartimos las condolencias con sus familiares y amigos.<\/p>\n\n\n\n<p>Resumen actualizado de informaci\u00f3n oficial<br>Positivos desde el inicio de la Pandemia: 5149<br>Activos: 191<br>Recuperados: 4752<br>Fallecidos: 206<br>Negativos desde el inicio de la Pandemia: 4803<\/p>\n\n\n\n<p>Los datos consignados en este informe corresponden a casos analizados a trav\u00e9s hisopados realizados en los \u00abconsultorios amarillos\u00bb analizados por el Laboratorio Central Lab y testeos r\u00e1pidos efectuados en el Laboratorio del Hospital.<\/p>\n\n\n\n<p>Informamos que se han entregado esta ma\u00f1ana 1.400 nuevas dosis de las vacunas AstraZeneca-Covishield para responder a la demanda de los grupos con vacuna libre y los turnos otorgados.<\/p>\n\n\n\n<p>&#x1f449; Usar tapabocas.<br>&#x1f449; Mantener la distancia m\u00ednima de 2 metros.<br>&#x1f449; Extremar la higiene de los espacios.<br>&#x1f449; Mantener las manos limpias.<\/p>\n\n\n\n<p>Se recuerda que, ante s\u00edntomas de tos seca, fiebre y dolor de garganta se puede llamar al 148 o 107<\/p>\n","protected":false},"excerpt":{"rendered":"<p>La Secretar\u00eda de Salud de la Municipalidad de San Pedro brinda el informe que acompa\u00f1a la placa del d\u00eda de la fecha, en el seguimiento de la Pandemia de Covid-19. Se confirmaron 43 nuevos casos positivos y 8 resultados negativos, a trav\u00e9s de los testeos r\u00e1pidos que se realizan en el Laboratorio del Hospital. Los [&hellip;]<\/p>\n","protected":false},"author":4,"featured_media":78593,"comment_status":"open","ping_status":"closed","sticky":false,"template":"","format":"standard","meta":{"om_disable_all_campaigns":false,"_jetpack_memberships_contains_paid_content":false,"footnotes":""},"categories":[50,101,2],"tags":[],"class_list":["post-95135","post","type-post","status-publish","format-standard","has-post-thumbnail","hentry","category-destacadas","category-interes-general-locales","category-locales"],"aioseo_notices":[],"gutentor_comment":0,"jetpack_featured_media_url":"https:\/\/eldiariodesanpedro.com.ar\/sitio\/wp-content\/uploads\/2020\/07\/Coronavirus-negativo-726x510-1.jpg","jetpack_shortlink":"https:\/\/wp.me\/p6RhLt-oKr","jetpack_sharing_enabled":true,"_links":{"self":[{"href":"https:\/\/eldiariodesanpedro.com.ar\/sitio\/wp-json\/wp\/v2\/posts\/95135","targetHints":{"allow":["GET"]}}],"collection":[{"href":"https:\/\/eldiariodesanpedro.com.ar\/sitio\/wp-json\/wp\/v2\/posts"}],"about":[{"href":"https:\/\/eldiariodesanpedro.com.ar\/sitio\/wp-json\/wp\/v2\/types\/post"}],"author":[{"embeddable":true,"href":"https:\/\/eldiariodesanpedro.com.ar\/sitio\/wp-json\/wp\/v2\/users\/4"}],"replies":[{"embeddable":true,"href":"https:\/\/eldiariodesanpedro.com.ar\/sitio\/wp-json\/wp\/v2\/comments?post=95135"}],"version-history":[{"count":1,"href":"https:\/\/eldiariodesanpedro.com.ar\/sitio\/wp-json\/wp\/v2\/posts\/95135\/revisions"}],"predecessor-version":[{"id":95136,"href":"https:\/\/eldiariodesanpedro.com.ar\/sitio\/wp-json\/wp\/v2\/posts\/95135\/revisions\/95136"}],"wp:featuredmedia":[{"embeddable":true,"href":"https:\/\/eldiariodesanpedro.com.ar\/sitio\/wp-json\/wp\/v2\/media\/78593"}],"wp:attachment":[{"href":"https:\/\/eldiariodesanpedro.com.ar\/sitio\/wp-json\/wp\/v2\/media?parent=95135"}],"wp:term":[{"taxonomy":"category","embeddable":true,"href":"https:\/\/eldiariodesanpedro.com.ar\/sitio\/wp-json\/wp\/v2\/categories?post=95135"},{"taxonomy":"post_tag","embeddable":true,"href":"https:\/\/eldiariodesanpedro.com.ar\/sitio\/wp-json\/wp\/v2\/tags?post=95135"}],"curies":[{"name":"wp","href":"https:\/\/api.w.org\/{rel}","templated":true}]}}