{"id":95130,"date":"2021-07-03T00:38:00","date_gmt":"2021-07-03T03:38:00","guid":{"rendered":"https:\/\/eldiariodesanpedro.com.ar\/sitio\/?p=95130"},"modified":"2021-07-03T00:38:06","modified_gmt":"2021-07-03T03:38:06","slug":"baradero-intentaron-secuestrar-a-una-chica-en-una-trafic-esta-noche-de-viernes","status":"publish","type":"post","link":"https:\/\/eldiariodesanpedro.com.ar\/sitio\/baradero-intentaron-secuestrar-a-una-chica-en-una-trafic-esta-noche-de-viernes\/","title":{"rendered":"BARADERO | Intentaron secuestrar a una chica en una trafic esta noche de viernes"},"content":{"rendered":"<!-- VideographyWP Plugin Message: Automatic video embedding prevented by plugin options. -->\n\n<p> El hecho sucedi\u00f3 cuando la menor transitaba por calle Araoz.<\/p>\n\n\n\n<p>Una traffic de color blanca se le aproxima a la par e insistentemente le pide que se suba persiguiendola por varios metros hasta que en un momento el conductor se baja para obligarla a subir.<\/p>\n\n\n\n<p>La joven lograr correr r\u00e1pidamente hasta una remiseria para resguardarse y desde all\u00ed se dirige a la estaci\u00f3n policial en donde realiza la denuncia.<\/p>\n\n\n\n<p>Fuente,: <a href=\"https:\/\/www.facebook.com\/499244976930177\/posts\/1735578199963509\/\">fm tiempo<\/a> <\/p>\n","protected":false},"excerpt":{"rendered":"<p>El hecho sucedi\u00f3 cuando la menor transitaba por calle Araoz. Una traffic de color blanca se le aproxima a la par e insistentemente le pide que se suba persiguiendola por varios metros hasta que en un momento el conductor se baja para obligarla a subir. La joven lograr correr r\u00e1pidamente hasta una remiseria para resguardarse [&hellip;]<\/p>\n","protected":false},"author":4,"featured_media":94476,"comment_status":"open","ping_status":"closed","sticky":false,"template":"","format":"standard","meta":{"om_disable_all_campaigns":false,"_jetpack_memberships_contains_paid_content":false,"footnotes":""},"categories":[621],"tags":[],"class_list":["post-95130","post","type-post","status-publish","format-standard","has-post-thumbnail","hentry","category-regionales"],"aioseo_notices":[],"gutentor_comment":0,"jetpack_featured_media_url":"https:\/\/eldiariodesanpedro.com.ar\/sitio\/wp-content\/uploads\/2021\/06\/policia-1.jpg","jetpack_shortlink":"https:\/\/wp.me\/p6RhLt-oKm","jetpack_sharing_enabled":true,"_links":{"self":[{"href":"https:\/\/eldiariodesanpedro.com.ar\/sitio\/wp-json\/wp\/v2\/posts\/95130","targetHints":{"allow":["GET"]}}],"collection":[{"href":"https:\/\/eldiariodesanpedro.com.ar\/sitio\/wp-json\/wp\/v2\/posts"}],"about":[{"href":"https:\/\/eldiariodesanpedro.com.ar\/sitio\/wp-json\/wp\/v2\/types\/post"}],"author":[{"embeddable":true,"href":"https:\/\/eldiariodesanpedro.com.ar\/sitio\/wp-json\/wp\/v2\/users\/4"}],"replies":[{"embeddable":true,"href":"https:\/\/eldiariodesanpedro.com.ar\/sitio\/wp-json\/wp\/v2\/comments?post=95130"}],"version-history":[{"count":1,"href":"https:\/\/eldiariodesanpedro.com.ar\/sitio\/wp-json\/wp\/v2\/posts\/95130\/revisions"}],"predecessor-version":[{"id":95131,"href":"https:\/\/eldiariodesanpedro.com.ar\/sitio\/wp-json\/wp\/v2\/posts\/95130\/revisions\/95131"}],"wp:featuredmedia":[{"embeddable":true,"href":"https:\/\/eldiariodesanpedro.com.ar\/sitio\/wp-json\/wp\/v2\/media\/94476"}],"wp:attachment":[{"href":"https:\/\/eldiariodesanpedro.com.ar\/sitio\/wp-json\/wp\/v2\/media?parent=95130"}],"wp:term":[{"taxonomy":"category","embeddable":true,"href":"https:\/\/eldiariodesanpedro.com.ar\/sitio\/wp-json\/wp\/v2\/categories?post=95130"},{"taxonomy":"post_tag","embeddable":true,"href":"https:\/\/eldiariodesanpedro.com.ar\/sitio\/wp-json\/wp\/v2\/tags?post=95130"}],"curies":[{"name":"wp","href":"https:\/\/api.w.org\/{rel}","templated":true}]}}