{"id":95128,"date":"2021-07-03T10:49:38","date_gmt":"2021-07-03T13:49:38","guid":{"rendered":"https:\/\/eldiariodesanpedro.com.ar\/sitio\/?p=95128"},"modified":"2021-07-03T10:49:42","modified_gmt":"2021-07-03T13:49:42","slug":"el-gobernador-axel-kicillof-recibio-al-intendente-salazar-y-a-la-diputada-sanchez-jauregui","status":"publish","type":"post","link":"https:\/\/eldiariodesanpedro.com.ar\/sitio\/el-gobernador-axel-kicillof-recibio-al-intendente-salazar-y-a-la-diputada-sanchez-jauregui\/","title":{"rendered":"El Gobernador Axel Kicillof recibi\u00f3 al Intendente Salazar y a la Diputada S\u00e1nchez J\u00e1uregui"},"content":{"rendered":"<!-- VideographyWP Plugin Message: Automatic video embedding prevented by plugin options. -->\n\n<p>En La Plata esta tarde el Gobernador Axel Kicillof recibi\u00f3 en una audiencia privada al Intendente de San Pedro Cecilio Salazar y a la Diputada Provincial Natalia S\u00e1nchez J\u00e1uregui, principales referentes del Partido Fe de de la Provincia de Buenos Aires.<\/p>\n\n\n\n<p>Despu\u00e9s de numerosos encuentros y charlas mantenidas durante los \u00faltimos meses, en el contexto del seguimiento de diversos temas que han permitido el fortalecimiento del v\u00ednculo entre la m\u00e1xima autoridad de la Provincia de Buenos Aires y el Intendente de San Pedro y Presidente del Partido FE de la Provincia de Buenos Aires, la reuni\u00f3n de hoy posibilit\u00f3 hacer un repaso de una agenda de temas pol\u00edticos y de gesti\u00f3n, trascendentes para los pr\u00f3ximos tiempos.<\/p>\n\n\n\n<p>El apoyo del Gobierno Provincial hacia la gesti\u00f3n del Intendente Salazar, ha sido fundamental durante los dif\u00edciles meses que han transcurrido desde principios del 2020 y la decisi\u00f3n del Intendente sampedrino de acompa\u00f1ar este espacio pol\u00edtico para poder seguir generando beneficios para toda la comunidad sampedrina, ha quedado plasmada en esta charla que el propio Salazar calific\u00f3 como muy productiva para iniciativas de corto y mediano plazo, preparando adem\u00e1s la estrategia de cara a las pr\u00f3ximas elecciones en las que el Gobernador cumplir\u00e1 un rol fundamental en la planificaci\u00f3n de la campa\u00f1a.<\/p>\n","protected":false},"excerpt":{"rendered":"<p>En La Plata esta tarde el Gobernador Axel Kicillof recibi\u00f3 en una audiencia privada al Intendente de San Pedro Cecilio Salazar y a la Diputada Provincial Natalia S\u00e1nchez J\u00e1uregui, principales referentes del Partido Fe de de la Provincia de Buenos Aires. Despu\u00e9s de numerosos encuentros y charlas mantenidas durante los \u00faltimos meses, en el contexto [&hellip;]<\/p>\n","protected":false},"author":4,"featured_media":95132,"comment_status":"open","ping_status":"closed","sticky":false,"template":"","format":"standard","meta":{"om_disable_all_campaigns":false,"_jetpack_memberships_contains_paid_content":false,"footnotes":""},"categories":[50,101,2],"tags":[],"class_list":["post-95128","post","type-post","status-publish","format-standard","has-post-thumbnail","hentry","category-destacadas","category-interes-general-locales","category-locales"],"aioseo_notices":[],"gutentor_comment":0,"jetpack_featured_media_url":"https:\/\/eldiariodesanpedro.com.ar\/sitio\/wp-content\/uploads\/2021\/07\/WhatsApp-Image-2021-07-02-at-22.26.27.jpeg","jetpack_shortlink":"https:\/\/wp.me\/p6RhLt-oKk","jetpack_sharing_enabled":true,"_links":{"self":[{"href":"https:\/\/eldiariodesanpedro.com.ar\/sitio\/wp-json\/wp\/v2\/posts\/95128","targetHints":{"allow":["GET"]}}],"collection":[{"href":"https:\/\/eldiariodesanpedro.com.ar\/sitio\/wp-json\/wp\/v2\/posts"}],"about":[{"href":"https:\/\/eldiariodesanpedro.com.ar\/sitio\/wp-json\/wp\/v2\/types\/post"}],"author":[{"embeddable":true,"href":"https:\/\/eldiariodesanpedro.com.ar\/sitio\/wp-json\/wp\/v2\/users\/4"}],"replies":[{"embeddable":true,"href":"https:\/\/eldiariodesanpedro.com.ar\/sitio\/wp-json\/wp\/v2\/comments?post=95128"}],"version-history":[{"count":1,"href":"https:\/\/eldiariodesanpedro.com.ar\/sitio\/wp-json\/wp\/v2\/posts\/95128\/revisions"}],"predecessor-version":[{"id":95134,"href":"https:\/\/eldiariodesanpedro.com.ar\/sitio\/wp-json\/wp\/v2\/posts\/95128\/revisions\/95134"}],"wp:featuredmedia":[{"embeddable":true,"href":"https:\/\/eldiariodesanpedro.com.ar\/sitio\/wp-json\/wp\/v2\/media\/95132"}],"wp:attachment":[{"href":"https:\/\/eldiariodesanpedro.com.ar\/sitio\/wp-json\/wp\/v2\/media?parent=95128"}],"wp:term":[{"taxonomy":"category","embeddable":true,"href":"https:\/\/eldiariodesanpedro.com.ar\/sitio\/wp-json\/wp\/v2\/categories?post=95128"},{"taxonomy":"post_tag","embeddable":true,"href":"https:\/\/eldiariodesanpedro.com.ar\/sitio\/wp-json\/wp\/v2\/tags?post=95128"}],"curies":[{"name":"wp","href":"https:\/\/api.w.org\/{rel}","templated":true}]}}