{"id":95122,"date":"2021-07-02T19:32:49","date_gmt":"2021-07-02T22:32:49","guid":{"rendered":"https:\/\/eldiariodesanpedro.com.ar\/sitio\/?p=95122"},"modified":"2021-07-02T19:32:54","modified_gmt":"2021-07-02T22:32:54","slug":"asamblea-ordinaria-de-cooperativa-de-trabajo-y-consumo-las-canaletas-ltda","status":"publish","type":"post","link":"https:\/\/eldiariodesanpedro.com.ar\/sitio\/asamblea-ordinaria-de-cooperativa-de-trabajo-y-consumo-las-canaletas-ltda\/","title":{"rendered":"Asamblea Ordinaria de Cooperativa de Trabajo y Consumo \u201cLas Canaletas\u201d Ltda."},"content":{"rendered":"<!-- VideographyWP Plugin Message: Automatic video embedding prevented by plugin options. -->\n\n<p>Estimados\/as Asociados y Asociadas<br>Cooperativa de Trabajo y Consumo \u201cLas Canaletas\u201d Ltda.<\/p>\n\n\n\n<p>Convocatoria a Asamblea Ordinaria&nbsp;<\/p>\n\n\n\n<p>El consejo de Administraci\u00f3n tiene el agrado de comunicar a ustedes que ha fijado fecha para el dia 17 de julio de 2021 a las 14 horas, &nbsp; en la sede Cooperativa sita en calle Juan Ismael Jim\u00e9nez (ex San Lorenzo)N\u00b0 1635, para realizar la Asamblea Ordinaria<\/p>\n\n\n\n<p>ORDEN DEL DIA<\/p>\n\n\n\n<ol class=\"wp-block-list\"><li>Designaci\u00f3n de dos asamble\u00edstas para firmar el Acta de Asamblea junto al presidente y la secretaria.<\/li><li>Justificaci\u00f3n y aclaraci\u00f3n por demora en convocar a Asamblea Ordinaria.<\/li><li>Consideraci\u00f3n Memoria, Balance e informe de Auditor\u00eda correspondiente al a\u00f1o 2019.<\/li><li>Consideraci\u00f3n Memoria, Balance e informe de Auditor\u00eda correspondiente al a\u00f1o 2020.<\/li><li>Renovaci\u00f3n parcial de autoridades, consejeros titulares y suplentes.<\/li><\/ol>\n\n\n\n<p>Esperamos contar con su presencia.<\/p>\n\n\n\n<p>Ma. Josefina Cordobez &#8211; Secretaria \u00a0 \u00a0 \u00a0 \u00a0 \u00a0 \u00a0 \u00a0 \u00a0 Viviana Larrea &#8211; Presidenta\u00a0<\/p>\n","protected":false},"excerpt":{"rendered":"<p>Estimados\/as Asociados y AsociadasCooperativa de Trabajo y Consumo \u201cLas Canaletas\u201d Ltda. Convocatoria a Asamblea Ordinaria&nbsp; El consejo de Administraci\u00f3n tiene el agrado de comunicar a ustedes que ha fijado fecha para el dia 17 de julio de 2021 a las 14 horas, &nbsp; en la sede Cooperativa sita en calle Juan Ismael Jim\u00e9nez (ex San [&hellip;]<\/p>\n","protected":false},"author":4,"featured_media":95123,"comment_status":"open","ping_status":"closed","sticky":false,"template":"","format":"standard","meta":{"om_disable_all_campaigns":false,"_jetpack_memberships_contains_paid_content":false,"footnotes":""},"categories":[678,676],"tags":[],"class_list":["post-95122","post","type-post","status-publish","format-standard","has-post-thumbnail","hentry","category-convocatorias","category-edictos"],"aioseo_notices":[],"gutentor_comment":0,"jetpack_featured_media_url":"https:\/\/eldiariodesanpedro.com.ar\/sitio\/wp-content\/uploads\/2021\/07\/Cooperativa-Las-Canaleta-San-Pedro-2021.jpg","jetpack_shortlink":"https:\/\/wp.me\/p6RhLt-oKe","jetpack_sharing_enabled":true,"_links":{"self":[{"href":"https:\/\/eldiariodesanpedro.com.ar\/sitio\/wp-json\/wp\/v2\/posts\/95122","targetHints":{"allow":["GET"]}}],"collection":[{"href":"https:\/\/eldiariodesanpedro.com.ar\/sitio\/wp-json\/wp\/v2\/posts"}],"about":[{"href":"https:\/\/eldiariodesanpedro.com.ar\/sitio\/wp-json\/wp\/v2\/types\/post"}],"author":[{"embeddable":true,"href":"https:\/\/eldiariodesanpedro.com.ar\/sitio\/wp-json\/wp\/v2\/users\/4"}],"replies":[{"embeddable":true,"href":"https:\/\/eldiariodesanpedro.com.ar\/sitio\/wp-json\/wp\/v2\/comments?post=95122"}],"version-history":[{"count":1,"href":"https:\/\/eldiariodesanpedro.com.ar\/sitio\/wp-json\/wp\/v2\/posts\/95122\/revisions"}],"predecessor-version":[{"id":95124,"href":"https:\/\/eldiariodesanpedro.com.ar\/sitio\/wp-json\/wp\/v2\/posts\/95122\/revisions\/95124"}],"wp:featuredmedia":[{"embeddable":true,"href":"https:\/\/eldiariodesanpedro.com.ar\/sitio\/wp-json\/wp\/v2\/media\/95123"}],"wp:attachment":[{"href":"https:\/\/eldiariodesanpedro.com.ar\/sitio\/wp-json\/wp\/v2\/media?parent=95122"}],"wp:term":[{"taxonomy":"category","embeddable":true,"href":"https:\/\/eldiariodesanpedro.com.ar\/sitio\/wp-json\/wp\/v2\/categories?post=95122"},{"taxonomy":"post_tag","embeddable":true,"href":"https:\/\/eldiariodesanpedro.com.ar\/sitio\/wp-json\/wp\/v2\/tags?post=95122"}],"curies":[{"name":"wp","href":"https:\/\/api.w.org\/{rel}","templated":true}]}}