{"id":95119,"date":"2021-07-02T18:18:06","date_gmt":"2021-07-02T21:18:06","guid":{"rendered":"https:\/\/eldiariodesanpedro.com.ar\/sitio\/?p=95119"},"modified":"2021-07-02T18:18:11","modified_gmt":"2021-07-02T21:18:11","slug":"potenciar-trabajo-de-anses-como-inscribirse-y-cobrar-18-000-en-julio","status":"publish","type":"post","link":"https:\/\/eldiariodesanpedro.com.ar\/sitio\/potenciar-trabajo-de-anses-como-inscribirse-y-cobrar-18-000-en-julio\/","title":{"rendered":"Potenciar Trabajo de ANSES: c\u00f3mo inscribirse y cobrar $18.000 en julio"},"content":{"rendered":"<!-- VideographyWP Plugin Message: Automatic video embedding prevented by plugin options. -->\n\n<p>El&nbsp;<strong>&nbsp;plan Potenciar Trabajo&nbsp;<\/strong>es un programa que lleva a cabo el&nbsp;<strong>Ministerio de Desarrollo Social que encabeza Daniel Arroy<\/strong>o con el objetivo de&nbsp;<strong>acompa\u00f1ar a los j\u00f3venes en sus formaciones profesionales.<\/strong>&nbsp;Conoc\u00e9 cu\u00e1ndo se cobra mediante la<strong>&nbsp;Administraci\u00f3n Nacional de la Seguridad Social ( Anses)<\/strong>.<\/p>\n\n\n\n<h4 class=\"wp-block-heading\">C\u00f3mo inscribirse al plan Potenciar Trabajo<\/h4>\n\n\n\n<p><strong>La inscripci\u00f3n puede realizarse completamente online<\/strong>, completando el formulario que se encuentra en la p\u00e1gina web del programa o tambi\u00e9n desde la app de Progresar. La convocatoria estar\u00e1 abierta hasta el 30 de noviembre.<\/p>\n\n\n\n<p><strong>No obstante, la inscripci\u00f3n no asegura una beca ya que la solicitud se encontrar\u00e1 en evaluaci\u00f3n, debiendo aguardar a que se cumplan los procesos administrativos correspondientes.<\/strong>&nbsp;Tu resultado ser\u00e1 publicado en la p\u00e1gina web del programa dentro de los sesenta (60) d\u00edas h\u00e1biles finalizados el per\u00edodo de inscripci\u00f3n.<\/p>\n\n\n\n<h4 class=\"wp-block-heading\">Cu\u00e1ndo se cobra el bono de $6000 del plan Potenciar Trabajo<\/h4>\n\n\n\n<p>En di\u00e1logo con Radio del Plata, el funcionario especific\u00f3:&nbsp;<em><strong>\u201cPotenciar Trabajo apunta al trabajo en la construcci\u00f3n, textil, producci\u00f3n de alimentos y el reciclado. Lo que hemos hecho es un bono de seis mil pesos y se acredita en los primeros d\u00edas de julio\u201d<\/strong><\/em>.<\/p>\n\n\n\n<p>A su vez, Arroyo agreg\u00f3:<em><strong>&nbsp;\u201cMi tarea es reforzar la asistencia alimentaria por un lado y generar trabajo. Hay que tener racionalidad econ\u00f3mica con todos adentro, pero estamos en un contexto dif\u00edcil. El presupuesto original que ten\u00edamos este a\u00f1o, ya lo hemos superado\u201d<\/strong><\/em>.<\/p>\n\n\n\n<h4 class=\"wp-block-heading\">Cu\u00e1les son los montos del plan Potenciar Trabajo<\/h4>\n\n\n\n<ul class=\"wp-block-list\"><li>En julio, los beneficiarios de Potenciar Trabajo cobrar\u00e1n 12.636 pesos junto con el bono de 6000 pesos, que se liquidar\u00e1 en los primeros d\u00edas del mes.<\/li><li>En agosto: la suma escala a 12.960 pesos por el aumento del 3%;<\/li><li>En septiembre: nueva aumento, lo que dejar\u00e1 un total de 13.500 pesos;<\/li><li>En diciembre: \u00faltima actualizaci\u00f3n del 5%, a cobrar 14.040 pesos;<\/li><li>En marzo 2022: 14.580 pesos<\/li><\/ul>\n\n\n\n<h4 class=\"wp-block-heading\">Cu\u00e1les son los requisitos para inscribirse al plan Potenciar Trabajo de ANSES<\/h4>\n\n\n\n<p><strong><u>Si particip\u00e1s de Proyectos Socio-Productivos, Socio-Comunitarios y\/o Socio-Laborales los requisitos son:<\/u><\/strong><\/p>\n\n\n\n<ul class=\"wp-block-list\"><li>Integrar un grupo de trabajo en una Unidad de Gesti\u00f3n o una Unidad de Gesti\u00f3n Asociada en el que realices alguna de las siguientes actividades: tareas de cuidados, reciclado y servicios ambientales, construcci\u00f3n, infraestructura social y mejoramiento barrial y habitacional, agricultura familiar y producci\u00f3n de alimentos, producci\u00f3n de indumentaria y otras manufacturas, y comercio popular.<\/li><li>Realizar las actividades durante un promedio de 80 horas mensuales.<\/li><li>Acreditar el cumplimiento de las actividades.<\/li><\/ul>\n\n\n\n<p><strong><u>Si est\u00e1s bajo la modalidad Terminalidad Educativa (finalizaci\u00f3n de los estudios primarios y secundarios):<\/u><\/strong><\/p>\n\n\n\n<ul class=\"wp-block-list\"><li>Acreditar que est\u00e1s estudiando con la presentaci\u00f3n en ANSES del Formulario de Terminalidad Educativa (FOTE), certificado por la autoridad educativa correspondiente.<\/li><\/ul>\n\n\n\n<h4 class=\"wp-block-heading\">Qu\u00e9 datos hay que actualizar para inscribirse al plan Potenciar Trabajo de ANSES<\/h4>\n\n\n\n<ul class=\"wp-block-list\"><li>N\u00famero de DNI<\/li><li>Fecha de nacimiento<\/li><li>Sexo seg\u00fan DNI<\/li><li>G\u00e9nero<\/li><li>Provincia<\/li><li>Municipio<\/li><li>Localidad<\/li><li>Domicilio donde est\u00e1s viviendo<\/li><li>Tel\u00e9fono fijo o celular<\/li><li>Direcci\u00f3n de correo electr\u00f3nico<\/li><li>Forma preferida de contacto (SMS o Email)<\/li><li>M\u00e1ximo nivel educativo alcanzado<\/li><\/ul>\n","protected":false},"excerpt":{"rendered":"<p>El&nbsp;&nbsp;plan Potenciar Trabajo&nbsp;es un programa que lleva a cabo el&nbsp;Ministerio de Desarrollo Social que encabeza Daniel Arroyo con el objetivo de&nbsp;acompa\u00f1ar a los j\u00f3venes en sus formaciones profesionales.&nbsp;Conoc\u00e9 cu\u00e1ndo se cobra mediante la&nbsp;Administraci\u00f3n Nacional de la Seguridad Social ( Anses). C\u00f3mo inscribirse al plan Potenciar Trabajo La inscripci\u00f3n puede realizarse completamente online, completando el formulario [&hellip;]<\/p>\n","protected":false},"author":4,"featured_media":95120,"comment_status":"open","ping_status":"closed","sticky":false,"template":"","format":"standard","meta":{"om_disable_all_campaigns":false,"_jetpack_memberships_contains_paid_content":false,"footnotes":""},"categories":[621],"tags":[],"class_list":["post-95119","post","type-post","status-publish","format-standard","has-post-thumbnail","hentry","category-regionales"],"aioseo_notices":[],"gutentor_comment":0,"jetpack_featured_media_url":"https:\/\/eldiariodesanpedro.com.ar\/sitio\/wp-content\/uploads\/2021\/07\/PotenciarTrabajo-00.jpg","jetpack_shortlink":"https:\/\/wp.me\/p6RhLt-oKb","jetpack_sharing_enabled":true,"_links":{"self":[{"href":"https:\/\/eldiariodesanpedro.com.ar\/sitio\/wp-json\/wp\/v2\/posts\/95119","targetHints":{"allow":["GET"]}}],"collection":[{"href":"https:\/\/eldiariodesanpedro.com.ar\/sitio\/wp-json\/wp\/v2\/posts"}],"about":[{"href":"https:\/\/eldiariodesanpedro.com.ar\/sitio\/wp-json\/wp\/v2\/types\/post"}],"author":[{"embeddable":true,"href":"https:\/\/eldiariodesanpedro.com.ar\/sitio\/wp-json\/wp\/v2\/users\/4"}],"replies":[{"embeddable":true,"href":"https:\/\/eldiariodesanpedro.com.ar\/sitio\/wp-json\/wp\/v2\/comments?post=95119"}],"version-history":[{"count":1,"href":"https:\/\/eldiariodesanpedro.com.ar\/sitio\/wp-json\/wp\/v2\/posts\/95119\/revisions"}],"predecessor-version":[{"id":95121,"href":"https:\/\/eldiariodesanpedro.com.ar\/sitio\/wp-json\/wp\/v2\/posts\/95119\/revisions\/95121"}],"wp:featuredmedia":[{"embeddable":true,"href":"https:\/\/eldiariodesanpedro.com.ar\/sitio\/wp-json\/wp\/v2\/media\/95120"}],"wp:attachment":[{"href":"https:\/\/eldiariodesanpedro.com.ar\/sitio\/wp-json\/wp\/v2\/media?parent=95119"}],"wp:term":[{"taxonomy":"category","embeddable":true,"href":"https:\/\/eldiariodesanpedro.com.ar\/sitio\/wp-json\/wp\/v2\/categories?post=95119"},{"taxonomy":"post_tag","embeddable":true,"href":"https:\/\/eldiariodesanpedro.com.ar\/sitio\/wp-json\/wp\/v2\/tags?post=95119"}],"curies":[{"name":"wp","href":"https:\/\/api.w.org\/{rel}","templated":true}]}}