{"id":95116,"date":"2021-07-02T18:12:48","date_gmt":"2021-07-02T21:12:48","guid":{"rendered":"https:\/\/eldiariodesanpedro.com.ar\/sitio\/?p=95116"},"modified":"2021-07-02T18:12:53","modified_gmt":"2021-07-02T21:12:53","slug":"zona-costanera-avanza-el-proyecto-de-mejoras-en-el-sector-del-paseo-agenor-almada","status":"publish","type":"post","link":"https:\/\/eldiariodesanpedro.com.ar\/sitio\/zona-costanera-avanza-el-proyecto-de-mejoras-en-el-sector-del-paseo-agenor-almada\/","title":{"rendered":"Zona Costanera: Avanza el proyecto de mejoras en el sector del paseo Agenor Almada"},"content":{"rendered":"<!-- VideographyWP Plugin Message: Automatic video embedding prevented by plugin options. -->\n\n<p>Los Directores de Deportes y Obras P\u00fablicas, Mariano Arnal y Ariel \u00c1lvarez, recorrieron el Paseo Agenor Almada junto a la Secretaria de Turismo y Cultura Marcela Cu\u00f1er.<\/p>\n\n\n\n<p>En el recorrido se planificaron las obras a realizar dentro del proyecto que tiene como finalidad mejorar y sectorizar las actividades que all\u00ed se llevan a cabo. Entre las mejoras se destaca la construcci\u00f3n de una pista de atletismo de aproximadamente cuatrocientos metros, que tendr\u00e1 una recta de cien metros.<\/p>\n\n\n\n<p>Dentro de los objetivos de este proyecto est\u00e1 la revalorizaci\u00f3n del sector de poes\u00eda para el desarrollo de la lectura en tranquilidad y armon\u00eda con la naturaleza adem\u00e1s de conservar un sector para el desarrollo de la pesca.<\/p>\n\n\n\n<p>Todas las obras a realizar contemplar\u00e1n la permanencia del sector de humedales, fundamentales para la diversidad de la vida animal y vegetal.<\/p>\n","protected":false},"excerpt":{"rendered":"<p>Los Directores de Deportes y Obras P\u00fablicas, Mariano Arnal y Ariel \u00c1lvarez, recorrieron el Paseo Agenor Almada junto a la Secretaria de Turismo y Cultura Marcela Cu\u00f1er. En el recorrido se planificaron las obras a realizar dentro del proyecto que tiene como finalidad mejorar y sectorizar las actividades que all\u00ed se llevan a cabo. Entre [&hellip;]<\/p>\n","protected":false},"author":4,"featured_media":95117,"comment_status":"open","ping_status":"closed","sticky":false,"template":"","format":"standard","meta":{"om_disable_all_campaigns":false,"_jetpack_memberships_contains_paid_content":false,"footnotes":""},"categories":[101,2],"tags":[],"class_list":["post-95116","post","type-post","status-publish","format-standard","has-post-thumbnail","hentry","category-interes-general-locales","category-locales"],"aioseo_notices":[],"gutentor_comment":0,"jetpack_featured_media_url":"https:\/\/eldiariodesanpedro.com.ar\/sitio\/wp-content\/uploads\/2021\/07\/WhatsApp-Image-2021-07-02-at-16.14.17.jpeg","jetpack_shortlink":"https:\/\/wp.me\/p6RhLt-oK8","jetpack_sharing_enabled":true,"_links":{"self":[{"href":"https:\/\/eldiariodesanpedro.com.ar\/sitio\/wp-json\/wp\/v2\/posts\/95116","targetHints":{"allow":["GET"]}}],"collection":[{"href":"https:\/\/eldiariodesanpedro.com.ar\/sitio\/wp-json\/wp\/v2\/posts"}],"about":[{"href":"https:\/\/eldiariodesanpedro.com.ar\/sitio\/wp-json\/wp\/v2\/types\/post"}],"author":[{"embeddable":true,"href":"https:\/\/eldiariodesanpedro.com.ar\/sitio\/wp-json\/wp\/v2\/users\/4"}],"replies":[{"embeddable":true,"href":"https:\/\/eldiariodesanpedro.com.ar\/sitio\/wp-json\/wp\/v2\/comments?post=95116"}],"version-history":[{"count":1,"href":"https:\/\/eldiariodesanpedro.com.ar\/sitio\/wp-json\/wp\/v2\/posts\/95116\/revisions"}],"predecessor-version":[{"id":95118,"href":"https:\/\/eldiariodesanpedro.com.ar\/sitio\/wp-json\/wp\/v2\/posts\/95116\/revisions\/95118"}],"wp:featuredmedia":[{"embeddable":true,"href":"https:\/\/eldiariodesanpedro.com.ar\/sitio\/wp-json\/wp\/v2\/media\/95117"}],"wp:attachment":[{"href":"https:\/\/eldiariodesanpedro.com.ar\/sitio\/wp-json\/wp\/v2\/media?parent=95116"}],"wp:term":[{"taxonomy":"category","embeddable":true,"href":"https:\/\/eldiariodesanpedro.com.ar\/sitio\/wp-json\/wp\/v2\/categories?post=95116"},{"taxonomy":"post_tag","embeddable":true,"href":"https:\/\/eldiariodesanpedro.com.ar\/sitio\/wp-json\/wp\/v2\/tags?post=95116"}],"curies":[{"name":"wp","href":"https:\/\/api.w.org\/{rel}","templated":true}]}}