{"id":95113,"date":"2021-07-02T17:56:13","date_gmt":"2021-07-02T20:56:13","guid":{"rendered":"https:\/\/eldiariodesanpedro.com.ar\/sitio\/?p=95113"},"modified":"2021-07-02T17:56:17","modified_gmt":"2021-07-02T20:56:17","slug":"bono-a-personal-de-salud-se-empieza-a-pagar-la-semana-proxima","status":"publish","type":"post","link":"https:\/\/eldiariodesanpedro.com.ar\/sitio\/bono-a-personal-de-salud-se-empieza-a-pagar-la-semana-proxima\/","title":{"rendered":"Bono a personal de Salud: se empieza a pagar la semana pr\u00f3xima"},"content":{"rendered":"<!-- VideographyWP Plugin Message: Automatic video embedding prevented by plugin options. -->\n\n<p>El primero de los tres pagos de $6.500 se cobrar\u00e1 entre el 6 y 7 de julio. Alcanza a 720 mil trabajadores del sector p\u00fablico y privado.<\/p>\n\n\n\n<p>Luego de casi dos meses de ser anunciado por el presidente Alberto Fern\u00e1ndez, el bono de asignaci\u00f3n est\u00edmulo correspondiente a mayo se pagar\u00e1 en la primera quincena de julio a casi 720.000 trabajadores sector p\u00fablico y privado. Ser\u00e1 el primero de 3 bonos de $6.500 que recibir\u00e1n de forma consecutiva.<\/p>\n\n\n\n<p>En el marco del decreto 332\/21, el bono se pagar\u00e1 efectivamente a 721.229 trabajadores, un 58% m\u00e1s de personas ingresadas en abril del a\u00f1o pasado, dada la inclusi\u00f3n de equipos de salud de atenci\u00f3n primaria y vacunadores.<\/p>\n\n\n\n<p>El retraso en el cobro explicaron fuentes oficiales a&nbsp;<strong>minutouno.com es&nbsp;<\/strong>porque la designaci\u00f3n de este plus implica el an\u00e1lisis y cruce de datos de varios organismos como AFIP, Anses y las c\u00e1maras del sector sanitario, donde el Ejecutivo tiene que constatar que efectivamente ese personal se desempe\u00f1e en el \u00e1rea.<\/p>\n\n\n\n<p>En tanto, desde la cartera sanitaria confirmaron a trav\u00e9s de un comunicado que ese proceso ya se encuentra \u00aben el \u00faltimo tramo para su env\u00edo a la\u00a0ANSES, y posterior pago en la primera quincena de julio\u00bb.<\/p>\n\n\n\n<p>El trabajo implic\u00f3: la carga masiva de las personas a ser incluidas, la depuraci\u00f3n por duplicaci\u00f3n de registros, ajuste de bases y consistencia de la informaci\u00f3n, y preparaci\u00f3n de la informaci\u00f3n para su remisi\u00f3n a la\u00a0AFIP, donde se realiza un conjunto de otras validaciones relacionadas con los empleadores, y la validaci\u00f3n de las claves bancarias de cada individuo.<\/p>\n\n\n\n<p>Adem\u00e1s: recepci\u00f3n de archivos validados por la Agencia Federal de Ingresos P\u00fablicos, procesamiento y gesti\u00f3n de archivos de pago, env\u00edo de archivos a ANSES, inicio del expediente y firma ministerial de la resoluci\u00f3n de pago. Finalmente, transferencia del financiamiento del Ministerio de Econom\u00eda para el pago, precis\u00f3 Salud.<\/p>\n\n\n\n<p>El a\u00f1o pasado, el Gobierno otorg\u00f3 4 bonos de 5000 pesos cada uno. El primero abarc\u00f3 a 500 mil trabajadores mientras que en septiembre las \u00faltimos 3 asignaciones lleg\u00f3 a 700 mil empleados de la salud.<\/p>\n\n\n\n<p><\/p>\n","protected":false},"excerpt":{"rendered":"<p>El primero de los tres pagos de $6.500 se cobrar\u00e1 entre el 6 y 7 de julio. Alcanza a 720 mil trabajadores del sector p\u00fablico y privado. Luego de casi dos meses de ser anunciado por el presidente Alberto Fern\u00e1ndez, el bono de asignaci\u00f3n est\u00edmulo correspondiente a mayo se pagar\u00e1 en la primera quincena de [&hellip;]<\/p>\n","protected":false},"author":4,"featured_media":95114,"comment_status":"open","ping_status":"closed","sticky":false,"template":"","format":"standard","meta":{"om_disable_all_campaigns":false,"_jetpack_memberships_contains_paid_content":false,"footnotes":""},"categories":[621],"tags":[],"class_list":["post-95113","post","type-post","status-publish","format-standard","has-post-thumbnail","hentry","category-regionales"],"aioseo_notices":[],"gutentor_comment":0,"jetpack_featured_media_url":"https:\/\/eldiariodesanpedro.com.ar\/sitio\/wp-content\/uploads\/2021\/07\/vacunacion-buenos-aires-vacuna.jpg","jetpack_shortlink":"https:\/\/wp.me\/p6RhLt-oK5","jetpack_sharing_enabled":true,"_links":{"self":[{"href":"https:\/\/eldiariodesanpedro.com.ar\/sitio\/wp-json\/wp\/v2\/posts\/95113","targetHints":{"allow":["GET"]}}],"collection":[{"href":"https:\/\/eldiariodesanpedro.com.ar\/sitio\/wp-json\/wp\/v2\/posts"}],"about":[{"href":"https:\/\/eldiariodesanpedro.com.ar\/sitio\/wp-json\/wp\/v2\/types\/post"}],"author":[{"embeddable":true,"href":"https:\/\/eldiariodesanpedro.com.ar\/sitio\/wp-json\/wp\/v2\/users\/4"}],"replies":[{"embeddable":true,"href":"https:\/\/eldiariodesanpedro.com.ar\/sitio\/wp-json\/wp\/v2\/comments?post=95113"}],"version-history":[{"count":1,"href":"https:\/\/eldiariodesanpedro.com.ar\/sitio\/wp-json\/wp\/v2\/posts\/95113\/revisions"}],"predecessor-version":[{"id":95115,"href":"https:\/\/eldiariodesanpedro.com.ar\/sitio\/wp-json\/wp\/v2\/posts\/95113\/revisions\/95115"}],"wp:featuredmedia":[{"embeddable":true,"href":"https:\/\/eldiariodesanpedro.com.ar\/sitio\/wp-json\/wp\/v2\/media\/95114"}],"wp:attachment":[{"href":"https:\/\/eldiariodesanpedro.com.ar\/sitio\/wp-json\/wp\/v2\/media?parent=95113"}],"wp:term":[{"taxonomy":"category","embeddable":true,"href":"https:\/\/eldiariodesanpedro.com.ar\/sitio\/wp-json\/wp\/v2\/categories?post=95113"},{"taxonomy":"post_tag","embeddable":true,"href":"https:\/\/eldiariodesanpedro.com.ar\/sitio\/wp-json\/wp\/v2\/tags?post=95113"}],"curies":[{"name":"wp","href":"https:\/\/api.w.org\/{rel}","templated":true}]}}