{"id":95110,"date":"2021-07-02T17:50:42","date_gmt":"2021-07-02T20:50:42","guid":{"rendered":"https:\/\/eldiariodesanpedro.com.ar\/sitio\/?p=95110"},"modified":"2021-07-02T17:50:47","modified_gmt":"2021-07-02T20:50:47","slug":"el-gobierno-confirma-que-se-incrementara-el-salario-minimo-vital-y-movil","status":"publish","type":"post","link":"https:\/\/eldiariodesanpedro.com.ar\/sitio\/el-gobierno-confirma-que-se-incrementara-el-salario-minimo-vital-y-movil\/","title":{"rendered":"El gobierno confirma que se incrementar\u00e1 el salario m\u00ednimo vital y m\u00f3vil"},"content":{"rendered":"<!-- VideographyWP Plugin Message: Automatic video embedding prevented by plugin options. -->\n\n<p>Una nueva reuni\u00f3n del gabinete econ\u00f3mico que encabeza el jefe de Gabinete de Ministros de la Naci\u00f3n,&nbsp;<strong>Santiago Cafiero<\/strong>, se llev\u00f3 a cabo esta ma\u00f1ana en el Sal\u00f3n de los Cient\u00edficos de la Casa Rosada, de la que participaron tambi\u00e9n los ministros de Econom\u00eda,&nbsp;<strong>Mart\u00edn Guzm\u00e1n<\/strong>; de Desarrollo Productivo,&nbsp;<strong>Mat\u00edas Kulfas<\/strong>&nbsp;y de Trabajo,&nbsp;<strong>Claudio Moroni<\/strong>, junto al presidente del Banco Central,&nbsp;<strong>Miguel Pesce;&nbsp;<\/strong>la titular de la Administraci\u00f3n Federal de Ingresos P\u00fablicos (AFIP),&nbsp;<strong>Mercedes Marc\u00f3 del Pont<\/strong>; la vicejefa de Gabinete,&nbsp;<strong>Cecilia Todesca Bocco<\/strong>; el secretario de Hacienda,&nbsp;<strong>Ra\u00fal Rigo<\/strong>&nbsp;y la jefa de Gabinete del Ministerio de Econom\u00eda,&nbsp;<strong>Melina Mallamace<\/strong>.<\/p>\n\n\n\n<p>Con referencia al Salario M\u00ednimo Vital y M\u00f3vil, el ministro de Trabajo afirm\u00f3: \u201c<strong>La decisi\u00f3n de incrementarlo est\u00e1 tomada. Lo que estamos evaluando es cu\u00e1l es la herramienta m\u00e1s r\u00e1pida. El salario m\u00ednimo, vital y m\u00f3vil se establece en base a la discusi\u00f3n de un consejo de 32 miembros y este consejo tiene una serie de pasos que tiene que cumplir\u201d. Moroni<\/strong>&nbsp;destac\u00f3 que&nbsp;<strong>\u201ces importante saber tambi\u00e9n que, por primera vez en la historia, hemos establecido revisiones como las que se aplican en el resto de las paritarias<\/strong>\u201d.<\/p>\n\n\n\n<p>Al respecto, el ministro de Econom\u00eda, Mart\u00edn Guzm\u00e1n, resalt\u00f3 que \u00ab<strong>la recuperaci\u00f3n del salario es una prioridad de este Gobierno y constituye una condici\u00f3n necesaria para que la econom\u00eda sostenga la recuperaci\u00f3n que est\u00e1 en marcha<\/strong>\u00ab, y recalc\u00f3 que \u00ab<strong>se aplicar\u00e1n todos los instrumentos necesarios para que los ingresos de las trabajadoras y los trabajadores crezcan en t\u00e9rminos reales<\/strong>\u00ab.<\/p>\n\n\n\n<p>En la reuni\u00f3n del gabinete econ\u00f3mico se revisaron los n\u00fameros vinculados a la inscripci\u00f3n al REPRO II. Durante el mes de mayo, y frente a la necesidad de aplicar mayores restricciones para detener el avance de la segunda ola, ampli\u00f3 sensiblemente la cobertura del programa y el nivel del salario complementario que perciben las y los trabajadores de los sectores m\u00e1s afectados de la econom\u00eda. Tambi\u00e9n se incorpor\u00f3 el pago del salario complementario para las y los trabajadores independientes que tienen hasta 5 empleados a su cargo. Como resultado, el REPRO II brind\u00f3 apoyo a un total de 622.000 trabajadoras y trabajadores (107.000 trabajadores\/as independientes), lo que implica un crecimiento del 89% en el n\u00famero de personas beneficiarias con respecto al mes anterior. El 94% de las empresas empleadoras solicitantes del REPRO II cuentan con menos de 50 trabajadoras y trabajadores, y concentran el 37% del total del empleo de las firmas que solicitan el REPRO. La inversi\u00f3n del Gobierno Nacional para el pago de los salarios del sector privado durante el mes de mayo fue cercana a los $12.000 millones de pesos.<\/p>\n\n\n\n<p>&nbsp;Al respecto, Moroni destac\u00f3: \u201c<strong>El mes pasado llegamos a 622.000 trabajadores; m\u00e1s de 500.000 en relaci\u00f3n de dependencia y m\u00e1s de 100.000 monotributistas y aut\u00f3nomos. La inscripci\u00f3n al REPRO para el pago de los salarios correspondientes al mes de junio ya cerr\u00f3. Estamos en etapa de procesamiento de datos y esperamos que finalice, para poder conocer los montos y cantidades de trabajadores incluidos en el transcurso de la semana que viene<\/strong>\u201d y enfatiz\u00f3: \u201c<strong>La pol\u00edtica de asistir a las empresas y proteger los contratos de los trabajadores viene siendo eficaz y vamos a continuar apoyando a las empresas y a sus trabajadores mientras avanza la vacunaci\u00f3n y superamos la segunda ola de la pandemia<\/strong>\u201d.<\/p>\n\n\n\n<p>En el encuentro se confirm\u00f3 adem\u00e1s que el bono al personal de salud va a estar depositado en las cuentas de las y los trabajadores la semana entrante. Se trata de un bono de $6.500 que se pagar\u00e1 por 3 meses, lo que representa un plus para este conjunto de trabajadores, en todo el pa\u00eds, de $19.500. Cada pago mensual requiere entre 4 y 5 semanas de procesamiento porque incluye la carga por parte de las empresas de todo su personal y los cruces de datos necesarios para corroborar la pertenencia al sector y los CBU de cada uno de las y los trabajadores.<\/p>\n\n\n\n<p>Durante la reuni\u00f3n tambi\u00e9n se remarc\u00f3 la l\u00ednea de financiamiento por $2.000 millones que va a lanzarse para fortalecer la competitividad del sector av\u00edcola. Para desarrollar el programa se est\u00e1 trabajando con las 25 entidades financieras adheridas a la l\u00ednea de inversiones productivas y la l\u00ednea de inversi\u00f3n estrat\u00e9gica del Banco Naci\u00f3n, destinadas a las industrias de carne de pollo y huevo. Este programa va a permitir el acceso a pr\u00e9stamos con tasas de inter\u00e9s del 22 al 24% anual, para las empresas del sector.<\/p>\n","protected":false},"excerpt":{"rendered":"<p>Una nueva reuni\u00f3n del gabinete econ\u00f3mico que encabeza el jefe de Gabinete de Ministros de la Naci\u00f3n,&nbsp;Santiago Cafiero, se llev\u00f3 a cabo esta ma\u00f1ana en el Sal\u00f3n de los Cient\u00edficos de la Casa Rosada, de la que participaron tambi\u00e9n los ministros de Econom\u00eda,&nbsp;Mart\u00edn Guzm\u00e1n; de Desarrollo Productivo,&nbsp;Mat\u00edas Kulfas&nbsp;y de Trabajo,&nbsp;Claudio Moroni, junto al presidente del [&hellip;]<\/p>\n","protected":false},"author":4,"featured_media":95111,"comment_status":"open","ping_status":"closed","sticky":false,"template":"","format":"standard","meta":{"om_disable_all_campaigns":false,"_jetpack_memberships_contains_paid_content":false,"footnotes":""},"categories":[621],"tags":[],"class_list":["post-95110","post","type-post","status-publish","format-standard","has-post-thumbnail","hentry","category-regionales"],"aioseo_notices":[],"gutentor_comment":0,"jetpack_featured_media_url":"https:\/\/eldiariodesanpedro.com.ar\/sitio\/wp-content\/uploads\/2021\/07\/6088141cd9cfd.jpg","jetpack_shortlink":"https:\/\/wp.me\/p6RhLt-oK2","jetpack_sharing_enabled":true,"_links":{"self":[{"href":"https:\/\/eldiariodesanpedro.com.ar\/sitio\/wp-json\/wp\/v2\/posts\/95110","targetHints":{"allow":["GET"]}}],"collection":[{"href":"https:\/\/eldiariodesanpedro.com.ar\/sitio\/wp-json\/wp\/v2\/posts"}],"about":[{"href":"https:\/\/eldiariodesanpedro.com.ar\/sitio\/wp-json\/wp\/v2\/types\/post"}],"author":[{"embeddable":true,"href":"https:\/\/eldiariodesanpedro.com.ar\/sitio\/wp-json\/wp\/v2\/users\/4"}],"replies":[{"embeddable":true,"href":"https:\/\/eldiariodesanpedro.com.ar\/sitio\/wp-json\/wp\/v2\/comments?post=95110"}],"version-history":[{"count":1,"href":"https:\/\/eldiariodesanpedro.com.ar\/sitio\/wp-json\/wp\/v2\/posts\/95110\/revisions"}],"predecessor-version":[{"id":95112,"href":"https:\/\/eldiariodesanpedro.com.ar\/sitio\/wp-json\/wp\/v2\/posts\/95110\/revisions\/95112"}],"wp:featuredmedia":[{"embeddable":true,"href":"https:\/\/eldiariodesanpedro.com.ar\/sitio\/wp-json\/wp\/v2\/media\/95111"}],"wp:attachment":[{"href":"https:\/\/eldiariodesanpedro.com.ar\/sitio\/wp-json\/wp\/v2\/media?parent=95110"}],"wp:term":[{"taxonomy":"category","embeddable":true,"href":"https:\/\/eldiariodesanpedro.com.ar\/sitio\/wp-json\/wp\/v2\/categories?post=95110"},{"taxonomy":"post_tag","embeddable":true,"href":"https:\/\/eldiariodesanpedro.com.ar\/sitio\/wp-json\/wp\/v2\/tags?post=95110"}],"curies":[{"name":"wp","href":"https:\/\/api.w.org\/{rel}","templated":true}]}}