{"id":95090,"date":"2021-07-02T11:09:20","date_gmt":"2021-07-02T14:09:20","guid":{"rendered":"https:\/\/eldiariodesanpedro.com.ar\/sitio\/?p=95090"},"modified":"2021-07-02T11:09:26","modified_gmt":"2021-07-02T14:09:26","slug":"dos-jovenes-aprehendidos-con-marihuana-de-infimo-pesaje","status":"publish","type":"post","link":"https:\/\/eldiariodesanpedro.com.ar\/sitio\/dos-jovenes-aprehendidos-con-marihuana-de-infimo-pesaje\/","title":{"rendered":"Dos j\u00f3venes aprehendidos con marihuana de \u00ednfimo pesaje"},"content":{"rendered":"<!-- VideographyWP Plugin Message: Automatic video embedding prevented by plugin options. -->\n\n<p>Se realizaron dos procedimientos similares, por los cuales el personal policial de distintos lugares de la ciudad, traslad\u00f3 a dos masculinos (uno mayor y otro menor) a quienes se les secuestr\u00f3 en su poder sustancia marihuana \u00ednfimo pesaje.&nbsp;<\/p>\n\n\n\n<p>Se labraron actuaciones por el delito de menci\u00f3n con intervenci\u00f3n Fiscal\u00eda 05, San Pedro.-<\/p>\n","protected":false},"excerpt":{"rendered":"<p>Se realizaron dos procedimientos similares, por los cuales el personal policial de distintos lugares de la ciudad, traslad\u00f3 a dos masculinos (uno mayor y otro menor) a quienes se les secuestr\u00f3 en su poder sustancia marihuana \u00ednfimo pesaje.&nbsp; Se labraron actuaciones por el delito de menci\u00f3n con intervenci\u00f3n Fiscal\u00eda 05, San Pedro.-<\/p>\n","protected":false},"author":4,"featured_media":70421,"comment_status":"open","ping_status":"closed","sticky":false,"template":"","format":"standard","meta":{"om_disable_all_campaigns":false,"_jetpack_memberships_contains_paid_content":false,"footnotes":""},"categories":[2,103],"tags":[],"class_list":["post-95090","post","type-post","status-publish","format-standard","has-post-thumbnail","hentry","category-locales","category-policiales-locales"],"aioseo_notices":[],"gutentor_comment":0,"jetpack_featured_media_url":"https:\/\/eldiariodesanpedro.com.ar\/sitio\/wp-content\/uploads\/2020\/03\/esposas-detenido-1.jpg","jetpack_shortlink":"https:\/\/wp.me\/p6RhLt-oJI","jetpack_sharing_enabled":true,"_links":{"self":[{"href":"https:\/\/eldiariodesanpedro.com.ar\/sitio\/wp-json\/wp\/v2\/posts\/95090","targetHints":{"allow":["GET"]}}],"collection":[{"href":"https:\/\/eldiariodesanpedro.com.ar\/sitio\/wp-json\/wp\/v2\/posts"}],"about":[{"href":"https:\/\/eldiariodesanpedro.com.ar\/sitio\/wp-json\/wp\/v2\/types\/post"}],"author":[{"embeddable":true,"href":"https:\/\/eldiariodesanpedro.com.ar\/sitio\/wp-json\/wp\/v2\/users\/4"}],"replies":[{"embeddable":true,"href":"https:\/\/eldiariodesanpedro.com.ar\/sitio\/wp-json\/wp\/v2\/comments?post=95090"}],"version-history":[{"count":1,"href":"https:\/\/eldiariodesanpedro.com.ar\/sitio\/wp-json\/wp\/v2\/posts\/95090\/revisions"}],"predecessor-version":[{"id":95091,"href":"https:\/\/eldiariodesanpedro.com.ar\/sitio\/wp-json\/wp\/v2\/posts\/95090\/revisions\/95091"}],"wp:featuredmedia":[{"embeddable":true,"href":"https:\/\/eldiariodesanpedro.com.ar\/sitio\/wp-json\/wp\/v2\/media\/70421"}],"wp:attachment":[{"href":"https:\/\/eldiariodesanpedro.com.ar\/sitio\/wp-json\/wp\/v2\/media?parent=95090"}],"wp:term":[{"taxonomy":"category","embeddable":true,"href":"https:\/\/eldiariodesanpedro.com.ar\/sitio\/wp-json\/wp\/v2\/categories?post=95090"},{"taxonomy":"post_tag","embeddable":true,"href":"https:\/\/eldiariodesanpedro.com.ar\/sitio\/wp-json\/wp\/v2\/tags?post=95090"}],"curies":[{"name":"wp","href":"https:\/\/api.w.org\/{rel}","templated":true}]}}