{"id":95077,"date":"2021-07-02T10:23:23","date_gmt":"2021-07-02T13:23:23","guid":{"rendered":"https:\/\/eldiariodesanpedro.com.ar\/sitio\/?p=95077"},"modified":"2021-07-02T10:23:28","modified_gmt":"2021-07-02T13:23:28","slug":"leuco-y-majul-dieron-informacion-falsa-en-el-canal-la-nacion-sobre-el-puerto-de-san-pedro","status":"publish","type":"post","link":"https:\/\/eldiariodesanpedro.com.ar\/sitio\/leuco-y-majul-dieron-informacion-falsa-en-el-canal-la-nacion-sobre-el-puerto-de-san-pedro\/","title":{"rendered":"Leuco y Majul dieron informaci\u00f3n falsa en el canal La Naci\u00f3n+ sobre el Puerto de San Pedro"},"content":{"rendered":"<!-- VideographyWP Plugin Message: Automatic video embedding prevented by plugin options. -->\n\n<p>Ante la difusi\u00f3n de una noticia falsa sobre la situaci\u00f3n del Puerto de San Pedro y su operatoria reciente, en el canal&nbsp;<strong>La Naci\u00f3n +<\/strong>&nbsp;realizada por la periodista Florencia Donovan en un segmento compartido con los periodistas Alfredo Leuco y Luis Majul, el Consorcio de Gesti\u00f3n desmiente categ\u00f3ricamente que se hayan producido inconvenientes de ning\u00fan tipo que impidan la operatoria prevista.<\/p>\n\n\n\n<p><strong>El Puerto de San Pedro concret\u00f3 su dragado planificado para la profundizaci\u00f3n y ensanches en el canal de acceso 9.60 mts que permiti\u00f3 y permite la operatoria prevista, m\u00e1s all\u00e1 de la hist\u00f3rica bajante que registra el R\u00edo Paran\u00e1.&nbsp;<br><\/strong><br>El an\u00e1lisis de la situaci\u00f3n de la Hidrov\u00eda y las decisiones tomadas por el Gobierno Nacional no han tenido ning\u00fan tipo de consecuencia y se trabaja con absoluta normalidad junto a la Subsecretar\u00eda de Puertos de la Provincia de Buenos Aires, el Ministerio de la Producci\u00f3n de la Provincia de Buenos Aires, la Subsecretar\u00eda de&nbsp;Puertos, V\u00edas Navegables y Marina Mercante del Ministerio de Transporte de la Naci\u00f3n y todos los organismos de la actividad portuaria.<\/p>\n\n\n\n<p><strong>Lamentamos que operaciones interesadas de este calibre afecten el compromiso y el esfuerzo con el que se viene trabajando en m\u00faltiples proyectos que tienen como objetivo la generaci\u00f3n de actividad econ\u00f3mica y puestos de trabajo fundamentales para cientos de familias.<\/strong><\/p>\n\n\n\n<iframe data-src=\"https:\/\/www.facebook.com\/plugins\/video.php?height=476&#038;href=https%3A%2F%2Fwww.facebook.com%2Feldiario.desanpedro%2Fvideos%2F1163864544091403%2F&#038;show_text=false&#038;width=476&#038;t=0\" width=\"476\" height=\"476\" style=\"border:none;overflow:hidden\" scrolling=\"no\" frameborder=\"0\" allowfullscreen=\"true\" allow=\"autoplay; clipboard-write; encrypted-media; picture-in-picture; web-share\" allowFullScreen=\"true\" src=\"data:image\/svg+xml;base64,PHN2ZyB3aWR0aD0iMSIgaGVpZ2h0PSIxIiB4bWxucz0iaHR0cDovL3d3dy53My5vcmcvMjAwMC9zdmciPjwvc3ZnPg==\" class=\"lazyload\" data-load-mode=\"1\"><\/iframe>\n","protected":false},"excerpt":{"rendered":"<p>Ante la difusi\u00f3n de una noticia falsa sobre la situaci\u00f3n del Puerto de San Pedro y su operatoria reciente, en el canal&nbsp;La Naci\u00f3n +&nbsp;realizada por la periodista Florencia Donovan en un segmento compartido con los periodistas Alfredo Leuco y Luis Majul, el Consorcio de Gesti\u00f3n desmiente categ\u00f3ricamente que se hayan producido inconvenientes de ning\u00fan tipo [&hellip;]<\/p>\n","protected":false},"author":4,"featured_media":95079,"comment_status":"open","ping_status":"closed","sticky":false,"template":"","format":"standard","meta":{"om_disable_all_campaigns":false,"_jetpack_memberships_contains_paid_content":false,"footnotes":""},"categories":[50,101,2],"tags":[],"class_list":["post-95077","post","type-post","status-publish","format-standard","has-post-thumbnail","hentry","category-destacadas","category-interes-general-locales","category-locales"],"aioseo_notices":[],"gutentor_comment":0,"jetpack_featured_media_url":"https:\/\/eldiariodesanpedro.com.ar\/sitio\/wp-content\/uploads\/2021\/07\/FALSO.png","jetpack_shortlink":"https:\/\/wp.me\/p6RhLt-oJv","jetpack_sharing_enabled":true,"_links":{"self":[{"href":"https:\/\/eldiariodesanpedro.com.ar\/sitio\/wp-json\/wp\/v2\/posts\/95077","targetHints":{"allow":["GET"]}}],"collection":[{"href":"https:\/\/eldiariodesanpedro.com.ar\/sitio\/wp-json\/wp\/v2\/posts"}],"about":[{"href":"https:\/\/eldiariodesanpedro.com.ar\/sitio\/wp-json\/wp\/v2\/types\/post"}],"author":[{"embeddable":true,"href":"https:\/\/eldiariodesanpedro.com.ar\/sitio\/wp-json\/wp\/v2\/users\/4"}],"replies":[{"embeddable":true,"href":"https:\/\/eldiariodesanpedro.com.ar\/sitio\/wp-json\/wp\/v2\/comments?post=95077"}],"version-history":[{"count":1,"href":"https:\/\/eldiariodesanpedro.com.ar\/sitio\/wp-json\/wp\/v2\/posts\/95077\/revisions"}],"predecessor-version":[{"id":95080,"href":"https:\/\/eldiariodesanpedro.com.ar\/sitio\/wp-json\/wp\/v2\/posts\/95077\/revisions\/95080"}],"wp:featuredmedia":[{"embeddable":true,"href":"https:\/\/eldiariodesanpedro.com.ar\/sitio\/wp-json\/wp\/v2\/media\/95079"}],"wp:attachment":[{"href":"https:\/\/eldiariodesanpedro.com.ar\/sitio\/wp-json\/wp\/v2\/media?parent=95077"}],"wp:term":[{"taxonomy":"category","embeddable":true,"href":"https:\/\/eldiariodesanpedro.com.ar\/sitio\/wp-json\/wp\/v2\/categories?post=95077"},{"taxonomy":"post_tag","embeddable":true,"href":"https:\/\/eldiariodesanpedro.com.ar\/sitio\/wp-json\/wp\/v2\/tags?post=95077"}],"curies":[{"name":"wp","href":"https:\/\/api.w.org\/{rel}","templated":true}]}}