{"id":95071,"date":"2021-07-02T10:15:56","date_gmt":"2021-07-02T13:15:56","guid":{"rendered":"https:\/\/eldiariodesanpedro.com.ar\/sitio\/?p=95071"},"modified":"2021-07-02T10:16:01","modified_gmt":"2021-07-02T13:16:01","slug":"sosa-le-gano-a-ulibarre-en-el-tercer-round-y-los-sampedrino-correa-perdio-y-obiedo-sciuto-gano-por-puntos","status":"publish","type":"post","link":"https:\/\/eldiariodesanpedro.com.ar\/sitio\/sosa-le-gano-a-ulibarre-en-el-tercer-round-y-los-sampedrino-correa-perdio-y-obiedo-sciuto-gano-por-puntos\/","title":{"rendered":"Sosa le gano a Ulibarre en el tercer round, y los sampedrino Correa perdi\u00f3 y Obiedo Sciuto gan\u00f3 por puntos"},"content":{"rendered":"<!-- VideographyWP Plugin Message: Automatic video embedding prevented by plugin options. -->\n\n<p>El campe\u00f3n sudamericano supergallo despach\u00f3 r\u00e1pidamente al bonaerense sin exponer su corona, luego de que Alberto Meli\u00e1n debiera desertar de la pelea tras sufrir una descompensaci\u00f3n por la que fue hospitalizado, y se qued\u00f3 con la revancha por el mismo resultado, en el combate central de este jueves en San Pedro, Buenos Aires, en vivo por TyC Sports y TyC Sports Play.<\/p>\n\n\n\n<p>Fiel a su apodo, fue contundente y lo despach\u00f3 r\u00e1pido.\u00a0<strong>Andr\u00e9s Sosa<\/strong>\u00a0fulmin\u00f3 a\u00a0<strong>Jerem\u00edas Ulibarre<\/strong>, por nocaut t\u00e9cnico en el tercer asalto, en una revancha en categor\u00eda supergallo, sin exponer su t\u00edtulo sudamericano de la divisi\u00f3n, en el combate estelar de la velada desarrollada el jueves por la noche en el Paran\u00e1 F\u00fatbol Club, de San Pedro, Buenos Aires, que fue televisada en vivo a trav\u00e9s de\u00a0<strong>TyC Sports<\/strong>\u00a0y\u00a0<strong>TyC Sports Play<\/strong>\u00a0en su ciclo\u00a0<strong>Boxeo de Primera<\/strong>.<\/p>\n\n\n\n<p>Con una notoria superioridad, Sosa (ahora 12-0, 8 KOs) manej\u00f3 la pelea con mucha comodidad y acab\u00f3 duramente con Ulibarre (8-13-1, 1 KO), a quien ya hab\u00eda noqueado el 24 de agosto de 2019 en el quinto asalto de una pelea a seis, y corri\u00f3 el mismo destino. Esta vez, lo envi\u00f3 a la lona en el tercer episodio, y lo defini\u00f3 sin atenuantes en la acci\u00f3n siguiente, dejando en claro su supremac\u00eda.<\/p>\n\n\n\n<p>Luego de la ya conocida baja del doble ol\u00edmpico&nbsp;<strong>Alberto Meli\u00e1n<\/strong>, que&nbsp;<strong>no pudo presentarse al esperado duelo por el t\u00edtulo sudamericano como consecuencia de una descompensaci\u00f3n<\/strong>&nbsp;sufrida el martes por la tarde mientras finalizaba su entrenamiento, por la que fue internado en el Hospital Donaci\u00f3n Francisco Santojanni hasta la ma\u00f1ana del mi\u00e9rcoles -y debido a su condici\u00f3n le fuera indicado permanecer en reposo a la espera de nuevos estudios-, Ulibarre pas\u00f3 a ser el nuevo oponente de Sosa. Y las diferencias quedaron al descubierto.<\/p>\n\n\n\n<p>Plantado desde la primera campana, el campe\u00f3n se tom\u00f3 el primer round para medir a un rival valiente, pero que lleg\u00f3 de apuro. Con desplazamientos m\u00e1s prolijos y env\u00edos m\u00e1s claros, encontr\u00f3 r\u00e1pidamente los espacios para filtrar sus env\u00edos, en forma de cross y ascendente al rostro. C\u00f3modo, en el segundo round conect\u00f3 una izquierda abajo que hizo retroceder a Ulibarre, visiblemente sentido. Pero era tan solo un adelanto.<\/p>\n\n\n\n<p>Muy agresivo, el apodado \u201cMaquinita\u201d en el tercero lo llev\u00f3 contra una esquina donde hizo honor a su mote y lo someti\u00f3 a placer con sus izquierdas y derechas en gancho a las costillas, finalizando con una zurda al est\u00f3mago, con que lo envi\u00f3 al suelo. Tras el pase, sin darle respiro fue por la definici\u00f3n y castig\u00f3 con tres cruzados a la mand\u00edbula de un Ulibarre que trastabillaba contra las cuerdas, por lo que el \u00e1rbitro Gerardo Poggi decret\u00f3 correctamente el fuera de combate, al 1\u2019:19\u201d del cap\u00edtulo.<\/p>\n\n\n\n<p>As\u00ed, Sosa, que pes\u00f3 55 kg., pudo combatir tras frustrarse el desaf\u00edo m\u00e1s importante de su carrera que significaba Meli\u00e1n, y no expuso el t\u00edtulo que conquist\u00f3 el 18 de enero de 2020 cuando derrot\u00f3 a Ernesto Franzolini en fallo un\u00e1nime, y que retuvo el pasado 20 de marzo sobre Ckari Cani Mansilla en decisi\u00f3n dividida. Sobre un viejo conocido como Ulibarre (55,200 kg.), a quien ya hab\u00eda noqueado, repiti\u00f3 resultado y espera mayores desaf\u00edos.<\/p>\n\n\n\n<h2 class=\"wp-block-heading\">VICTORIAS DE MAFAUAD, SCIUTO, SOTO Y SILGUERO<\/h2>\n\n\n\n<p>M\u00e1s all\u00e1 del duelo estelar, una cartelera con j\u00f3venes valores complet\u00f3 la noche. En categor\u00eda superligero,&nbsp;<strong>Joel Mafauad<\/strong>&nbsp;(63,500 kg. y 7-0, 3 KOs) domin\u00f3 a&nbsp;<strong>Miguel Correa<\/strong>&nbsp;(63,500 kg. y 8-19-2, 3 KOs), en fallo un\u00e1nime, tras seis rounds, a pesar de haberse ido al suelo en el primero.<\/p>\n\n\n\n<p>Las tarjetas de los jueces fueron: Alejandro Bokser 59-55, \u00c1ngel Gorreri 58-56, y Maximiliano Dolce 59-55.<\/p>\n\n\n\n<p>De entrada, Correa sorprendi\u00f3 al invicto y con una derecha a la mand\u00edbula lo envi\u00f3 a la lona, aprovechando que se encontraba mal parado. Pero a partir del segundo cap\u00edtulo, Mafauad se asent\u00f3. Aprovechando su mayor alcance y haciendo buen uso de su mejor l\u00ednea t\u00e9cnica, marc\u00f3 la distancia con su izquierda larga en jab, y combin\u00f3 sus cruzados y ascendentes de ambos pu\u00f1os al rostro. As\u00ed, fue dominando a un rival enjundioso pero que no acertaba env\u00edos.<\/p>\n\n\n\n<p>Con la notoria diferencia f\u00edsica y de altura, al local se le hac\u00eda imposible encontrar golpes claros. Cada uno de sus arrestos, eran frenados por Mafauad que lo recib\u00eda con sus uppercuts y cross a la mand\u00edbula. Muy superior, el mendocino fue extendiendo sus ventajas con el trascurso de los minutos. Si bien no lleg\u00f3 a desbordarlo, fue suficiente para evitar riesgos y asegurarse la merecida victoria.<\/p>\n\n\n\n<p>En categor\u00eda ligero,&nbsp;<strong>Laureano Sciuto<\/strong>&nbsp;(60 kg. y 4-0, 2 KOs) derrot\u00f3 a&nbsp;<strong>Franco Huanque<\/strong>&nbsp;(60 kg. y 2-2), por puntos, en fallo un\u00e1nime, tras seis rounds. Las tarjetas de los jueces fueron: Carolina Mayorquin 58-56, Maximiliano Dolce 59-55, y Alejandro Bokser 59-55.<\/p>\n\n\n\n<p>En divisi\u00f3n ligero,&nbsp;<strong>Alfredo Soto<\/strong>&nbsp;(59,100 kg. y 4-0, 3 KOs) dobleg\u00f3 a&nbsp;<strong>Rodrigo Rold\u00e1n<\/strong>&nbsp;(60,100 kg. y 2-4), por puntos, en decisi\u00f3n un\u00e1nime, tras seis cap\u00edtulos. Las tarjetas de los jueces fueron: Carolina Mayorquin 58-56, Alejandro Bokser 57\u00bd-57, y Carlos Villegas 59-55.<\/p>\n\n\n\n<p>Finalmente, en peso mediopesado, en duelo de debutantes,\u00a0<strong>Nazareno Silguero<\/strong>\u00a0(76,800 kg. y 1-0) venci\u00f3 a\u00a0<strong>Marcelo Rodr\u00edguez<\/strong>\u00a0(78,900 kg. y 0-1), por puntos, en decisi\u00f3n un\u00e1nime, luego de cuatro episodios. Las tarjetas de los jueces fueron: Carlos Villegas 39-37, Carolina Mayorquin 40-36, y \u00c1ngel Gorreri 40-36.<\/p>\n\n\n\n<p>Fuente: <a href=\"https:\/\/www.tycsports.com\/boxeo-de-primera\/sosa-fulmino-a-ulibarre-en-el-tercer-round-id354061.html\">TyC Sports<\/a><\/p>\n\n\n\n<figure class=\"wp-block-image size-large\"><img decoding=\"async\" width=\"862\" height=\"485\" data-attachment-id=\"95072\" data-permalink=\"https:\/\/eldiariodesanpedro.com.ar\/sitio\/sosa-le-gano-a-ulibarre-en-el-tercer-round-y-los-sampedrino-correa-perdio-y-obiedo-sciuto-gano-por-puntos\/joelmafauad-miguelcorrea-peleabdp3_862x485\/\" data-orig-file=\"https:\/\/eldiariodesanpedro.com.ar\/sitio\/wp-content\/uploads\/2021\/07\/joelmafauad-miguelcorrea-peleabdp3_862x485.jpg\" data-orig-size=\"862,485\" data-comments-opened=\"1\" data-image-meta=\"{&quot;aperture&quot;:&quot;0&quot;,&quot;credit&quot;:&quot;&quot;,&quot;camera&quot;:&quot;&quot;,&quot;caption&quot;:&quot;&quot;,&quot;created_timestamp&quot;:&quot;0&quot;,&quot;copyright&quot;:&quot;&quot;,&quot;focal_length&quot;:&quot;0&quot;,&quot;iso&quot;:&quot;0&quot;,&quot;shutter_speed&quot;:&quot;0&quot;,&quot;title&quot;:&quot;&quot;,&quot;orientation&quot;:&quot;0&quot;}\" data-image-title=\"joelmafauad-miguelcorrea-peleabdp3_862x485\" data-image-description=\"\" data-image-caption=\"\" data-large-file=\"https:\/\/eldiariodesanpedro.com.ar\/sitio\/wp-content\/uploads\/2021\/07\/joelmafauad-miguelcorrea-peleabdp3_862x485.jpg\" data-src=\"https:\/\/eldiariodesanpedro.com.ar\/sitio\/wp-content\/uploads\/2021\/07\/joelmafauad-miguelcorrea-peleabdp3_862x485.jpg\" alt=\"\" class=\"wp-image-95072 lazyload\" data-srcset=\"https:\/\/eldiariodesanpedro.com.ar\/sitio\/wp-content\/uploads\/2021\/07\/joelmafauad-miguelcorrea-peleabdp3_862x485.jpg 862w, https:\/\/eldiariodesanpedro.com.ar\/sitio\/wp-content\/uploads\/2021\/07\/joelmafauad-miguelcorrea-peleabdp3_862x485-300x169.jpg 300w, https:\/\/eldiariodesanpedro.com.ar\/sitio\/wp-content\/uploads\/2021\/07\/joelmafauad-miguelcorrea-peleabdp3_862x485-768x432.jpg 768w, https:\/\/eldiariodesanpedro.com.ar\/sitio\/wp-content\/uploads\/2021\/07\/joelmafauad-miguelcorrea-peleabdp3_862x485-800x450.jpg 800w\" data-sizes=\"(max-width: 862px) 100vw, 862px\" src=\"data:image\/svg+xml;base64,PHN2ZyB3aWR0aD0iMSIgaGVpZ2h0PSIxIiB4bWxucz0iaHR0cDovL3d3dy53My5vcmcvMjAwMC9zdmciPjwvc3ZnPg==\" style=\"--smush-placeholder-width: 862px; --smush-placeholder-aspect-ratio: 862\/485;\" \/><\/figure>\n\n\n\n<figure class=\"wp-block-image size-large\"><img decoding=\"async\" width=\"862\" height=\"485\" data-attachment-id=\"95073\" data-permalink=\"https:\/\/eldiariodesanpedro.com.ar\/sitio\/sosa-le-gano-a-ulibarre-en-el-tercer-round-y-los-sampedrino-correa-perdio-y-obiedo-sciuto-gano-por-puntos\/laureanosciuto-francohuanque-peleabdp1_862x485\/\" data-orig-file=\"https:\/\/eldiariodesanpedro.com.ar\/sitio\/wp-content\/uploads\/2021\/07\/laureanosciuto-francohuanque-peleabdp1_862x485.jpg\" data-orig-size=\"862,485\" data-comments-opened=\"1\" data-image-meta=\"{&quot;aperture&quot;:&quot;0&quot;,&quot;credit&quot;:&quot;&quot;,&quot;camera&quot;:&quot;&quot;,&quot;caption&quot;:&quot;&quot;,&quot;created_timestamp&quot;:&quot;0&quot;,&quot;copyright&quot;:&quot;&quot;,&quot;focal_length&quot;:&quot;0&quot;,&quot;iso&quot;:&quot;0&quot;,&quot;shutter_speed&quot;:&quot;0&quot;,&quot;title&quot;:&quot;&quot;,&quot;orientation&quot;:&quot;0&quot;}\" data-image-title=\"laureanosciuto-francohuanque-peleabdp1_862x485\" data-image-description=\"\" data-image-caption=\"\" data-large-file=\"https:\/\/eldiariodesanpedro.com.ar\/sitio\/wp-content\/uploads\/2021\/07\/laureanosciuto-francohuanque-peleabdp1_862x485.jpg\" data-src=\"https:\/\/eldiariodesanpedro.com.ar\/sitio\/wp-content\/uploads\/2021\/07\/laureanosciuto-francohuanque-peleabdp1_862x485.jpg\" alt=\"\" class=\"wp-image-95073 lazyload\" data-srcset=\"https:\/\/eldiariodesanpedro.com.ar\/sitio\/wp-content\/uploads\/2021\/07\/laureanosciuto-francohuanque-peleabdp1_862x485.jpg 862w, https:\/\/eldiariodesanpedro.com.ar\/sitio\/wp-content\/uploads\/2021\/07\/laureanosciuto-francohuanque-peleabdp1_862x485-300x169.jpg 300w, https:\/\/eldiariodesanpedro.com.ar\/sitio\/wp-content\/uploads\/2021\/07\/laureanosciuto-francohuanque-peleabdp1_862x485-768x432.jpg 768w, https:\/\/eldiariodesanpedro.com.ar\/sitio\/wp-content\/uploads\/2021\/07\/laureanosciuto-francohuanque-peleabdp1_862x485-800x450.jpg 800w\" data-sizes=\"(max-width: 862px) 100vw, 862px\" src=\"data:image\/svg+xml;base64,PHN2ZyB3aWR0aD0iMSIgaGVpZ2h0PSIxIiB4bWxucz0iaHR0cDovL3d3dy53My5vcmcvMjAwMC9zdmciPjwvc3ZnPg==\" style=\"--smush-placeholder-width: 862px; --smush-placeholder-aspect-ratio: 862\/485;\" \/><\/figure>\n\n\n\n<figure class=\"wp-block-image size-large\"><img decoding=\"async\" width=\"862\" height=\"485\" data-attachment-id=\"95074\" data-permalink=\"https:\/\/eldiariodesanpedro.com.ar\/sitio\/sosa-le-gano-a-ulibarre-en-el-tercer-round-y-los-sampedrino-correa-perdio-y-obiedo-sciuto-gano-por-puntos\/nazarenosilguero-marcelorodriguez-peleabdp1_862x485\/\" data-orig-file=\"https:\/\/eldiariodesanpedro.com.ar\/sitio\/wp-content\/uploads\/2021\/07\/nazarenosilguero-marcelorodriguez-peleabdp1_862x485.jpg\" data-orig-size=\"862,485\" data-comments-opened=\"1\" data-image-meta=\"{&quot;aperture&quot;:&quot;0&quot;,&quot;credit&quot;:&quot;&quot;,&quot;camera&quot;:&quot;&quot;,&quot;caption&quot;:&quot;&quot;,&quot;created_timestamp&quot;:&quot;0&quot;,&quot;copyright&quot;:&quot;&quot;,&quot;focal_length&quot;:&quot;0&quot;,&quot;iso&quot;:&quot;0&quot;,&quot;shutter_speed&quot;:&quot;0&quot;,&quot;title&quot;:&quot;&quot;,&quot;orientation&quot;:&quot;0&quot;}\" data-image-title=\"nazarenosilguero-marcelorodriguez-peleabdp1_862x485\" data-image-description=\"\" data-image-caption=\"\" data-large-file=\"https:\/\/eldiariodesanpedro.com.ar\/sitio\/wp-content\/uploads\/2021\/07\/nazarenosilguero-marcelorodriguez-peleabdp1_862x485.jpg\" data-src=\"https:\/\/eldiariodesanpedro.com.ar\/sitio\/wp-content\/uploads\/2021\/07\/nazarenosilguero-marcelorodriguez-peleabdp1_862x485.jpg\" alt=\"\" class=\"wp-image-95074 lazyload\" data-srcset=\"https:\/\/eldiariodesanpedro.com.ar\/sitio\/wp-content\/uploads\/2021\/07\/nazarenosilguero-marcelorodriguez-peleabdp1_862x485.jpg 862w, https:\/\/eldiariodesanpedro.com.ar\/sitio\/wp-content\/uploads\/2021\/07\/nazarenosilguero-marcelorodriguez-peleabdp1_862x485-300x169.jpg 300w, https:\/\/eldiariodesanpedro.com.ar\/sitio\/wp-content\/uploads\/2021\/07\/nazarenosilguero-marcelorodriguez-peleabdp1_862x485-768x432.jpg 768w, https:\/\/eldiariodesanpedro.com.ar\/sitio\/wp-content\/uploads\/2021\/07\/nazarenosilguero-marcelorodriguez-peleabdp1_862x485-800x450.jpg 800w\" data-sizes=\"(max-width: 862px) 100vw, 862px\" src=\"data:image\/svg+xml;base64,PHN2ZyB3aWR0aD0iMSIgaGVpZ2h0PSIxIiB4bWxucz0iaHR0cDovL3d3dy53My5vcmcvMjAwMC9zdmciPjwvc3ZnPg==\" style=\"--smush-placeholder-width: 862px; --smush-placeholder-aspect-ratio: 862\/485;\" \/><\/figure>\n","protected":false},"excerpt":{"rendered":"<p>El campe\u00f3n sudamericano supergallo despach\u00f3 r\u00e1pidamente al bonaerense sin exponer su corona, luego de que Alberto Meli\u00e1n debiera desertar de la pelea tras sufrir una descompensaci\u00f3n por la que fue hospitalizado, y se qued\u00f3 con la revancha por el mismo resultado, en el combate central de este jueves en San Pedro, Buenos Aires, en vivo [&hellip;]<\/p>\n","protected":false},"author":4,"featured_media":95075,"comment_status":"open","ping_status":"closed","sticky":false,"template":"","format":"standard","meta":{"om_disable_all_campaigns":false,"_jetpack_memberships_contains_paid_content":false,"footnotes":""},"categories":[50,101,2],"tags":[],"class_list":["post-95071","post","type-post","status-publish","format-standard","has-post-thumbnail","hentry","category-destacadas","category-interes-general-locales","category-locales"],"aioseo_notices":[],"gutentor_comment":0,"jetpack_featured_media_url":"https:\/\/eldiariodesanpedro.com.ar\/sitio\/wp-content\/uploads\/2021\/07\/andressosa-jermiasulibarre-revbdp7_862x485-1.jpg","jetpack_shortlink":"https:\/\/wp.me\/p6RhLt-oJp","jetpack_sharing_enabled":true,"_links":{"self":[{"href":"https:\/\/eldiariodesanpedro.com.ar\/sitio\/wp-json\/wp\/v2\/posts\/95071","targetHints":{"allow":["GET"]}}],"collection":[{"href":"https:\/\/eldiariodesanpedro.com.ar\/sitio\/wp-json\/wp\/v2\/posts"}],"about":[{"href":"https:\/\/eldiariodesanpedro.com.ar\/sitio\/wp-json\/wp\/v2\/types\/post"}],"author":[{"embeddable":true,"href":"https:\/\/eldiariodesanpedro.com.ar\/sitio\/wp-json\/wp\/v2\/users\/4"}],"replies":[{"embeddable":true,"href":"https:\/\/eldiariodesanpedro.com.ar\/sitio\/wp-json\/wp\/v2\/comments?post=95071"}],"version-history":[{"count":1,"href":"https:\/\/eldiariodesanpedro.com.ar\/sitio\/wp-json\/wp\/v2\/posts\/95071\/revisions"}],"predecessor-version":[{"id":95076,"href":"https:\/\/eldiariodesanpedro.com.ar\/sitio\/wp-json\/wp\/v2\/posts\/95071\/revisions\/95076"}],"wp:featuredmedia":[{"embeddable":true,"href":"https:\/\/eldiariodesanpedro.com.ar\/sitio\/wp-json\/wp\/v2\/media\/95075"}],"wp:attachment":[{"href":"https:\/\/eldiariodesanpedro.com.ar\/sitio\/wp-json\/wp\/v2\/media?parent=95071"}],"wp:term":[{"taxonomy":"category","embeddable":true,"href":"https:\/\/eldiariodesanpedro.com.ar\/sitio\/wp-json\/wp\/v2\/categories?post=95071"},{"taxonomy":"post_tag","embeddable":true,"href":"https:\/\/eldiariodesanpedro.com.ar\/sitio\/wp-json\/wp\/v2\/tags?post=95071"}],"curies":[{"name":"wp","href":"https:\/\/api.w.org\/{rel}","templated":true}]}}