{"id":95060,"date":"2021-07-01T19:52:15","date_gmt":"2021-07-01T22:52:15","guid":{"rendered":"https:\/\/eldiariodesanpedro.com.ar\/sitio\/?p=95060"},"modified":"2021-07-01T19:52:20","modified_gmt":"2021-07-01T22:52:20","slug":"empresas-de-gas-deberan-financiar-en-30-cuotas-las-deudas-generadas-durante-la-pandemia","status":"publish","type":"post","link":"https:\/\/eldiariodesanpedro.com.ar\/sitio\/empresas-de-gas-deberan-financiar-en-30-cuotas-las-deudas-generadas-durante-la-pandemia\/","title":{"rendered":"Empresas de gas deber\u00e1n financiar en 30 cuotas las deudas generadas durante la pandemia"},"content":{"rendered":"<!-- VideographyWP Plugin Message: Automatic video embedding prevented by plugin options. -->\n\n<p>La resoluci\u00f3n determin\u00f3 que \u00ablas empresas prestadoras del servicio p\u00fablico de distribuci\u00f3n de gas por redes deber\u00e1n otorgar a los usuarios y a las usuarias residenciales y no residenciales beneficiados por la suspensi\u00f3n de cortes de servicio, planes de facilidades de pago de hasta 30 cuotas iguales, mensuales y consecutivas\u00bb.<\/p>\n\n\n\n<p>Las empresas distribuidoras de gas por redes deber\u00e1n ofrecer planes de facilidades de pago de hasta 30 cuotas a los usuarios beneficiados por la suspensi\u00f3n de cortes de servicio que rigi\u00f3 desde el 1 de marzo hasta el 31 de diciembre del a\u00f1o pasado, para cancelar las deudas que se hubieran generado.<\/p>\n\n\n\n<p>As\u00ed lo estableci\u00f3 el Ministerio de Econom\u00eda a trav\u00e9s de\u00a0la resoluci\u00f3n 383\/2021, publicada este jueves en el Bolet\u00edn Oficial.<\/p>\n\n\n\n<p>La misma determin\u00f3 que&nbsp;<strong>\u00ablas empresas prestadoras del servicio p\u00fablico de distribuci\u00f3n de gas por redes deber\u00e1n otorgar a los usuarios y a las usuarias residenciales y no residenciales beneficiados por la suspensi\u00f3n de cortes de servicio establecida en el decreto 311\/2020, planes de facilidades de pago de hasta 30 cuotas iguales, mensuales y consecutivas\u00bb.<\/strong><\/p>\n\n\n\n<p>Esto \u00abpara cancelar las deudas que se hubieren generado durante el plazo de vigencia del decreto; sin perjuicio que el usuario o la usuaria pueda solicitar fehacientemente ante la prestadora su cancelaci\u00f3n con anterioridad o en menor cantidad de cuotas\u201d.<\/p>\n\n\n\n<p><strong>El decreto 311 suspendi\u00f3 los cortes de servicio en caso de mora o falta de pago de hasta siete facturas consecutivas o alternas,<\/strong>&nbsp;con vencimientos desde el 1 de marzo de 2020.<\/p>\n\n\n\n<p>La resoluci\u00f3n tambi\u00e9n fij\u00f3 que&nbsp;<strong>la tasa de inter\u00e9s a aplicar<\/strong>&nbsp;en los planes de facilidades destinados a usuarias y usuarios residenciales y no residenciales,<strong>&nbsp;\u201cno podr\u00e1 exceder el 50% de la tasa pasiva nominal anual para operaciones de dep\u00f3sitos a plazo fijo tradicional a 30 d\u00edas del Banco Naci\u00f3n del \u00faltimo d\u00eda del mes anterior al del otorgamiento del plan de pagos\u201d.<\/strong><\/p>\n\n\n\n<p>Adem\u00e1s indic\u00f3 que en ambos casos \u201clos intereses no podr\u00e1n ser capitalizables\u201d.<\/p>\n\n\n\n<blockquote class=\"wp-block-quote is-layout-flow wp-block-quote-is-layout-flow\"><p>\u201cLa falta de pago o mora en el pago de tres cuotas consecutivas o seis alternas, por parte de los usuarios y las usuarias que hayan adherido a un plan de facilidades, habilitar\u00e1 a las prestadoras al corte del suministro\u201d.<\/p><\/blockquote>\n\n\n\n<p>Asimismo, la normativa defini\u00f3 que \u201cla falta de pago o mora en el pago de tres cuotas consecutivas o seis alternas, por parte de los usuarios y las usuarias que hayan adherido a un plan de facilidades, habilitar\u00e1 a las prestadoras al corte del suministro\u201d.<\/p>\n\n\n\n<p>Tambi\u00e9n habilit\u00f3 que<strong>&nbsp;\u201clas empresas prestadoras del servicio p\u00fablico de distribuci\u00f3n de gas por redes podr\u00e1n extender las condiciones de los planes de facilidades a deudas adquiridas fuera del plazo de vigencia del decreto 311&nbsp;<\/strong>y respecto de usuarias o usuarios no alcanzados por \u00e9ste\u201d.<\/p>\n\n\n\n<p>Adem\u00e1s, instruy\u00f3 al Ente Nacional Regulador del Gas (Enargas) a llevar a cabo todos los actos necesarios para controlar el cumplimiento de las pautas establecidas en esta resoluci\u00f3n, y a autorizar la inclusi\u00f3n del plan de facilidades objeto de la presente en la factura final del servicio.<\/p>\n\n\n\n<p>La medida alcanza a beneficiarios y beneficiarias de la Asignaci\u00f3n Universal por Hijo (AUH) y la Asignaci\u00f3n por Embarazo, a quienes perciban Pensiones no Contributivas y tengan ingresos mensuales brutos no superiores a dos veces el Salario M\u00ednimo Vital y M\u00f3vil (SMVyM), a usuarios inscriptos y usuarias inscriptas en el R\u00e9gimen de Monotributo Social, a jubilados y jubiladas; pensionadas y pensionados, y trabajadores y trabajadoras en relaci\u00f3n de dependencia que perciban una remuneraci\u00f3n bruta menor o igual a dos SMVyM.<\/p>\n\n\n\n<p>Tambi\u00e9n abarca a monotributistas de categor\u00edas cuyo ingreso anual mensualizado no supere en dos SMVyM, a usuarios y usuarias que perciben seguro de desempleo, personas electrodependientes, a quienes est\u00e9n dentro del R\u00e9gimen Especial de Seguridad Social para Empleados de Casas Particulares y a exentos en el pago de ABL o tributos locales de igual naturaleza.<\/p>\n\n\n\n<p>Adem\u00e1s, se benefician de esta medida las Micro, Peque\u00f1as y Medianas Empresas (MiPyMES) afectadas en la emergencia, las Cooperativas de Trabajo o Empresas Recuperadas inscriptas en Inaes, las instituciones de salud, p\u00fablicas y privadas, y las entidades de bien p\u00fablico que contribuyan a la elaboraci\u00f3n y distribuci\u00f3n de alimentos.<\/p>\n\n\n\n<p>Fuente: <a href=\"https:\/\/www.telam.com.ar\/notas\/202107\/559748-empresas-gas-financiacion-30-cuotas-deudas-pandemia.html\">Telam<\/a><\/p>\n","protected":false},"excerpt":{"rendered":"<p>La resoluci\u00f3n determin\u00f3 que \u00ablas empresas prestadoras del servicio p\u00fablico de distribuci\u00f3n de gas por redes deber\u00e1n otorgar a los usuarios y a las usuarias residenciales y no residenciales beneficiados por la suspensi\u00f3n de cortes de servicio, planes de facilidades de pago de hasta 30 cuotas iguales, mensuales y consecutivas\u00bb. Las empresas distribuidoras de gas [&hellip;]<\/p>\n","protected":false},"author":4,"featured_media":95061,"comment_status":"open","ping_status":"closed","sticky":false,"template":"","format":"standard","meta":{"om_disable_all_campaigns":false,"_jetpack_memberships_contains_paid_content":false,"footnotes":""},"categories":[621],"tags":[],"class_list":["post-95060","post","type-post","status-publish","format-standard","has-post-thumbnail","hentry","category-regionales"],"aioseo_notices":[],"gutentor_comment":0,"jetpack_featured_media_url":"https:\/\/eldiariodesanpedro.com.ar\/sitio\/wp-content\/uploads\/2021\/07\/60cf57a0c1816_1004x565.jpg","jetpack_shortlink":"https:\/\/wp.me\/p6RhLt-oJe","jetpack_sharing_enabled":true,"_links":{"self":[{"href":"https:\/\/eldiariodesanpedro.com.ar\/sitio\/wp-json\/wp\/v2\/posts\/95060","targetHints":{"allow":["GET"]}}],"collection":[{"href":"https:\/\/eldiariodesanpedro.com.ar\/sitio\/wp-json\/wp\/v2\/posts"}],"about":[{"href":"https:\/\/eldiariodesanpedro.com.ar\/sitio\/wp-json\/wp\/v2\/types\/post"}],"author":[{"embeddable":true,"href":"https:\/\/eldiariodesanpedro.com.ar\/sitio\/wp-json\/wp\/v2\/users\/4"}],"replies":[{"embeddable":true,"href":"https:\/\/eldiariodesanpedro.com.ar\/sitio\/wp-json\/wp\/v2\/comments?post=95060"}],"version-history":[{"count":1,"href":"https:\/\/eldiariodesanpedro.com.ar\/sitio\/wp-json\/wp\/v2\/posts\/95060\/revisions"}],"predecessor-version":[{"id":95062,"href":"https:\/\/eldiariodesanpedro.com.ar\/sitio\/wp-json\/wp\/v2\/posts\/95060\/revisions\/95062"}],"wp:featuredmedia":[{"embeddable":true,"href":"https:\/\/eldiariodesanpedro.com.ar\/sitio\/wp-json\/wp\/v2\/media\/95061"}],"wp:attachment":[{"href":"https:\/\/eldiariodesanpedro.com.ar\/sitio\/wp-json\/wp\/v2\/media?parent=95060"}],"wp:term":[{"taxonomy":"category","embeddable":true,"href":"https:\/\/eldiariodesanpedro.com.ar\/sitio\/wp-json\/wp\/v2\/categories?post=95060"},{"taxonomy":"post_tag","embeddable":true,"href":"https:\/\/eldiariodesanpedro.com.ar\/sitio\/wp-json\/wp\/v2\/tags?post=95060"}],"curies":[{"name":"wp","href":"https:\/\/api.w.org\/{rel}","templated":true}]}}