{"id":95052,"date":"2021-07-01T19:29:29","date_gmt":"2021-07-01T22:29:29","guid":{"rendered":"https:\/\/eldiariodesanpedro.com.ar\/sitio\/?p=95052"},"modified":"2021-07-01T19:32:33","modified_gmt":"2021-07-01T22:32:33","slug":"se-detuvo-a-un-joven-en-la-zona-de-tigre-por-el-abuso-de-una-menor-en-vuelta-de-obligado","status":"publish","type":"post","link":"https:\/\/eldiariodesanpedro.com.ar\/sitio\/se-detuvo-a-un-joven-en-la-zona-de-tigre-por-el-abuso-de-una-menor-en-vuelta-de-obligado\/","title":{"rendered":"Se detuvo a un  joven en la zona de Tigre por el abuso de una menor en Vuelta de Obligado"},"content":{"rendered":"<!-- VideographyWP Plugin Message: Automatic video embedding prevented by plugin options. -->\n\n<p>El personal de la Sub DDI Baradero tomo intervenci\u00f3n a ra\u00edz de la denuncia radicada por una vecina del paraje Vuelta de Obligado. La mujer denunci\u00f3 a su ex pareja de 26 a\u00f1os, ya que tom\u00f3 conocimiento de parte de su hija (de una pareja anterior), de 15 a\u00f1os , le refiri\u00f3 haber sido v\u00edctima de abusos en reiteradas ocasiones por parte de su ex pareja e imputado en la causa. <\/p>\n\n\n\n<p>Con intervenci\u00f3n de la UFI Nro. 11 a cargo de la Fiscal Dra. Viviana Ramos y del Juzgado de Garant\u00edas Nro. 2 a cargo del Dr. Pratti, una vez reunidos los elementos investigativos necesarios para certificar las circunstancias denunciadas, la Fiscal\u00eda interviniente solicit\u00f3 al Juzgado de Garant\u00edas la Detenci\u00f3n del imputado, que en horas de la noche de este Mi\u00e9rcoles fue efectivizada por parte del personal de DDI en Villa la \u00d1ata, Tigre. <\/p>\n\n\n\n<p>El detenido es trasladado y alojado en DDI San Nicol\u00e1s, a la espera de directivas para prestar declaraci\u00f3n en sede judicial.<\/p>\n","protected":false},"excerpt":{"rendered":"<p>El personal de la Sub DDI Baradero tomo intervenci\u00f3n a ra\u00edz de la denuncia radicada por una vecina del paraje Vuelta de Obligado. La mujer denunci\u00f3 a su ex pareja de 26 a\u00f1os, ya que tom\u00f3 conocimiento de parte de su hija (de una pareja anterior), de 15 a\u00f1os , le refiri\u00f3 haber sido v\u00edctima [&hellip;]<\/p>\n","protected":false},"author":4,"featured_media":95054,"comment_status":"open","ping_status":"closed","sticky":false,"template":"","format":"standard","meta":{"om_disable_all_campaigns":false,"_jetpack_memberships_contains_paid_content":false,"footnotes":""},"categories":[50,2,103],"tags":[],"class_list":["post-95052","post","type-post","status-publish","format-standard","has-post-thumbnail","hentry","category-destacadas","category-locales","category-policiales-locales"],"aioseo_notices":[],"gutentor_comment":0,"jetpack_featured_media_url":"https:\/\/eldiariodesanpedro.com.ar\/sitio\/wp-content\/uploads\/2021\/07\/209611471_2028825547255932_586354873711846372_n.jpg","jetpack_shortlink":"https:\/\/wp.me\/p6RhLt-oJ6","jetpack_sharing_enabled":true,"_links":{"self":[{"href":"https:\/\/eldiariodesanpedro.com.ar\/sitio\/wp-json\/wp\/v2\/posts\/95052","targetHints":{"allow":["GET"]}}],"collection":[{"href":"https:\/\/eldiariodesanpedro.com.ar\/sitio\/wp-json\/wp\/v2\/posts"}],"about":[{"href":"https:\/\/eldiariodesanpedro.com.ar\/sitio\/wp-json\/wp\/v2\/types\/post"}],"author":[{"embeddable":true,"href":"https:\/\/eldiariodesanpedro.com.ar\/sitio\/wp-json\/wp\/v2\/users\/4"}],"replies":[{"embeddable":true,"href":"https:\/\/eldiariodesanpedro.com.ar\/sitio\/wp-json\/wp\/v2\/comments?post=95052"}],"version-history":[{"count":1,"href":"https:\/\/eldiariodesanpedro.com.ar\/sitio\/wp-json\/wp\/v2\/posts\/95052\/revisions"}],"predecessor-version":[{"id":95053,"href":"https:\/\/eldiariodesanpedro.com.ar\/sitio\/wp-json\/wp\/v2\/posts\/95052\/revisions\/95053"}],"wp:featuredmedia":[{"embeddable":true,"href":"https:\/\/eldiariodesanpedro.com.ar\/sitio\/wp-json\/wp\/v2\/media\/95054"}],"wp:attachment":[{"href":"https:\/\/eldiariodesanpedro.com.ar\/sitio\/wp-json\/wp\/v2\/media?parent=95052"}],"wp:term":[{"taxonomy":"category","embeddable":true,"href":"https:\/\/eldiariodesanpedro.com.ar\/sitio\/wp-json\/wp\/v2\/categories?post=95052"},{"taxonomy":"post_tag","embeddable":true,"href":"https:\/\/eldiariodesanpedro.com.ar\/sitio\/wp-json\/wp\/v2\/tags?post=95052"}],"curies":[{"name":"wp","href":"https:\/\/api.w.org\/{rel}","templated":true}]}}