{"id":95049,"date":"2021-07-01T18:31:25","date_gmt":"2021-07-01T21:31:25","guid":{"rendered":"https:\/\/eldiariodesanpedro.com.ar\/sitio\/?p=95049"},"modified":"2021-07-01T18:31:30","modified_gmt":"2021-07-01T21:31:30","slug":"zarate-estaba-trabajando-y-asaltaron-su-casa-se-llevaron-hasta-los-cachorros","status":"publish","type":"post","link":"https:\/\/eldiariodesanpedro.com.ar\/sitio\/zarate-estaba-trabajando-y-asaltaron-su-casa-se-llevaron-hasta-los-cachorros\/","title":{"rendered":"ZARATE | Estaba trabajando y asaltaron su casa: se llevaron hasta los cachorros"},"content":{"rendered":"<!-- VideographyWP Plugin Message: Automatic video embedding prevented by plugin options. -->\n\n<p>Este mi\u00e9rcoles delincuentes entraron a robar a una vivienda ubicada en Espa\u00f1a 3320 y se llevaron electrodom\u00e9sticos, zapatillas y hasta los cachorros.<\/p>\n\n\n\n<p>El hecho sucedi\u00f3 este mi\u00e9rcoles por la madrugada donde los ladrones, aprovechando que el due\u00f1o de la vivienda se encontraba trabajando, forzaron la ventana, ingresaron a la vivienda y se llevaron lo que vieron por el camino.<\/p>\n\n\n\n<p>\u201cCuando fui a trabajar se llevaron a mis dos perritos pitbull de 2 meses y medio, un macho de color gris y a una hembra blanca y negra, un televisor Philips 32\u00a8, una ps3 completa, herramientas, una estufa dos velas, ropa, zapatillas (blancas botitas Nike) y unos botines de futbol (verdes fluorescentes botitas Nike)\u201d detall\u00f3 la victima.<\/p>\n\n\n\n<p>La v\u00edctima radic\u00f3 la denuncia policial y pidi\u00f3 que que caso de que alguien tenga alg\u00fan dato por favor se comuniquen al 3487-495422<\/p>\n\n\n\n<p>Fuente: <a href=\"https:\/\/impactolocal.com.ar\/2021\/07\/01\/estaba-trabajando-y-asaltaron-su-casa-se-llevaron-hasta-los-cachorros\/\">Impacto Local<\/a><\/p>\n","protected":false},"excerpt":{"rendered":"<p>Este mi\u00e9rcoles delincuentes entraron a robar a una vivienda ubicada en Espa\u00f1a 3320 y se llevaron electrodom\u00e9sticos, zapatillas y hasta los cachorros. El hecho sucedi\u00f3 este mi\u00e9rcoles por la madrugada donde los ladrones, aprovechando que el due\u00f1o de la vivienda se encontraba trabajando, forzaron la ventana, ingresaron a la vivienda y se llevaron lo que [&hellip;]<\/p>\n","protected":false},"author":4,"featured_media":95050,"comment_status":"open","ping_status":"closed","sticky":false,"template":"","format":"standard","meta":{"om_disable_all_campaigns":false,"_jetpack_memberships_contains_paid_content":false,"footnotes":""},"categories":[621],"tags":[],"class_list":["post-95049","post","type-post","status-publish","format-standard","has-post-thumbnail","hentry","category-regionales"],"aioseo_notices":[],"gutentor_comment":0,"jetpack_featured_media_url":"https:\/\/eldiariodesanpedro.com.ar\/sitio\/wp-content\/uploads\/2021\/07\/robo-2223.jpg","jetpack_shortlink":"https:\/\/wp.me\/p6RhLt-oJ3","jetpack_sharing_enabled":true,"_links":{"self":[{"href":"https:\/\/eldiariodesanpedro.com.ar\/sitio\/wp-json\/wp\/v2\/posts\/95049","targetHints":{"allow":["GET"]}}],"collection":[{"href":"https:\/\/eldiariodesanpedro.com.ar\/sitio\/wp-json\/wp\/v2\/posts"}],"about":[{"href":"https:\/\/eldiariodesanpedro.com.ar\/sitio\/wp-json\/wp\/v2\/types\/post"}],"author":[{"embeddable":true,"href":"https:\/\/eldiariodesanpedro.com.ar\/sitio\/wp-json\/wp\/v2\/users\/4"}],"replies":[{"embeddable":true,"href":"https:\/\/eldiariodesanpedro.com.ar\/sitio\/wp-json\/wp\/v2\/comments?post=95049"}],"version-history":[{"count":1,"href":"https:\/\/eldiariodesanpedro.com.ar\/sitio\/wp-json\/wp\/v2\/posts\/95049\/revisions"}],"predecessor-version":[{"id":95051,"href":"https:\/\/eldiariodesanpedro.com.ar\/sitio\/wp-json\/wp\/v2\/posts\/95049\/revisions\/95051"}],"wp:featuredmedia":[{"embeddable":true,"href":"https:\/\/eldiariodesanpedro.com.ar\/sitio\/wp-json\/wp\/v2\/media\/95050"}],"wp:attachment":[{"href":"https:\/\/eldiariodesanpedro.com.ar\/sitio\/wp-json\/wp\/v2\/media?parent=95049"}],"wp:term":[{"taxonomy":"category","embeddable":true,"href":"https:\/\/eldiariodesanpedro.com.ar\/sitio\/wp-json\/wp\/v2\/categories?post=95049"},{"taxonomy":"post_tag","embeddable":true,"href":"https:\/\/eldiariodesanpedro.com.ar\/sitio\/wp-json\/wp\/v2\/tags?post=95049"}],"curies":[{"name":"wp","href":"https:\/\/api.w.org\/{rel}","templated":true}]}}