{"id":95046,"date":"2021-07-01T18:17:35","date_gmt":"2021-07-01T21:17:35","guid":{"rendered":"https:\/\/eldiariodesanpedro.com.ar\/sitio\/?p=95046"},"modified":"2021-07-01T18:17:39","modified_gmt":"2021-07-01T21:17:39","slug":"luego-de-la-salida-de-majo-mora-la-licenciada-marcela-cuner-se-reunio-con-trabajadores-de-cultura","status":"publish","type":"post","link":"https:\/\/eldiariodesanpedro.com.ar\/sitio\/luego-de-la-salida-de-majo-mora-la-licenciada-marcela-cuner-se-reunio-con-trabajadores-de-cultura\/","title":{"rendered":"Luego de la salida de Majo Mora, la licenciada marcela Cu\u00f1er se reuni\u00f3 con trabajadores de Cultura"},"content":{"rendered":"<!-- VideographyWP Plugin Message: Automatic video embedding prevented by plugin options. -->\n\n<p>La Secretaria de Turismo, Lic. Marcela Cu\u00f1er mantuvo hoy por la ma\u00f1ana un grato encuentro con el personal de la Direcci\u00f3n de Cultura, reuni\u00f3n en la que se hizo hincapi\u00e9 en proyectar el trabajo en equipo y el crecimiento de la cultura de nuestra ciudad como eje central.<\/p>\n\n\n\n<p>Como ya se haba informado con anterioridad a partir de hoy Marcela Cu\u00f1er quedo a cargo de la Direcci\u00f3n de Cultura tras una Reuni\u00f3n con el intendente Cecilio Salazar donde llegaron a acordar que luego de la renuncia de Majo Mora al cargo por el momento no se buscara remplazante y la licenciada absorber\u00e1 la tarea de dirigir el \u00e1rea.<\/p>\n\n\n\n<p><\/p>\n","protected":false},"excerpt":{"rendered":"<p>La Secretaria de Turismo, Lic. Marcela Cu\u00f1er mantuvo hoy por la ma\u00f1ana un grato encuentro con el personal de la Direcci\u00f3n de Cultura, reuni\u00f3n en la que se hizo hincapi\u00e9 en proyectar el trabajo en equipo y el crecimiento de la cultura de nuestra ciudad como eje central. Como ya se haba informado con anterioridad [&hellip;]<\/p>\n","protected":false},"author":4,"featured_media":95047,"comment_status":"open","ping_status":"closed","sticky":false,"template":"","format":"standard","meta":{"om_disable_all_campaigns":false,"_jetpack_memberships_contains_paid_content":false,"footnotes":""},"categories":[50,101,2],"tags":[],"class_list":["post-95046","post","type-post","status-publish","format-standard","has-post-thumbnail","hentry","category-destacadas","category-interes-general-locales","category-locales"],"aioseo_notices":[],"gutentor_comment":0,"jetpack_featured_media_url":"https:\/\/eldiariodesanpedro.com.ar\/sitio\/wp-content\/uploads\/2021\/07\/211307407_1974903739328633_7362307056898013639_n.jpg","jetpack_shortlink":"https:\/\/wp.me\/p6RhLt-oJ0","jetpack_sharing_enabled":true,"_links":{"self":[{"href":"https:\/\/eldiariodesanpedro.com.ar\/sitio\/wp-json\/wp\/v2\/posts\/95046","targetHints":{"allow":["GET"]}}],"collection":[{"href":"https:\/\/eldiariodesanpedro.com.ar\/sitio\/wp-json\/wp\/v2\/posts"}],"about":[{"href":"https:\/\/eldiariodesanpedro.com.ar\/sitio\/wp-json\/wp\/v2\/types\/post"}],"author":[{"embeddable":true,"href":"https:\/\/eldiariodesanpedro.com.ar\/sitio\/wp-json\/wp\/v2\/users\/4"}],"replies":[{"embeddable":true,"href":"https:\/\/eldiariodesanpedro.com.ar\/sitio\/wp-json\/wp\/v2\/comments?post=95046"}],"version-history":[{"count":1,"href":"https:\/\/eldiariodesanpedro.com.ar\/sitio\/wp-json\/wp\/v2\/posts\/95046\/revisions"}],"predecessor-version":[{"id":95048,"href":"https:\/\/eldiariodesanpedro.com.ar\/sitio\/wp-json\/wp\/v2\/posts\/95046\/revisions\/95048"}],"wp:featuredmedia":[{"embeddable":true,"href":"https:\/\/eldiariodesanpedro.com.ar\/sitio\/wp-json\/wp\/v2\/media\/95047"}],"wp:attachment":[{"href":"https:\/\/eldiariodesanpedro.com.ar\/sitio\/wp-json\/wp\/v2\/media?parent=95046"}],"wp:term":[{"taxonomy":"category","embeddable":true,"href":"https:\/\/eldiariodesanpedro.com.ar\/sitio\/wp-json\/wp\/v2\/categories?post=95046"},{"taxonomy":"post_tag","embeddable":true,"href":"https:\/\/eldiariodesanpedro.com.ar\/sitio\/wp-json\/wp\/v2\/tags?post=95046"}],"curies":[{"name":"wp","href":"https:\/\/api.w.org\/{rel}","templated":true}]}}