{"id":95043,"date":"2021-07-01T18:04:30","date_gmt":"2021-07-01T21:04:30","guid":{"rendered":"https:\/\/eldiariodesanpedro.com.ar\/sitio\/?p=95043"},"modified":"2021-07-01T18:04:35","modified_gmt":"2021-07-01T21:04:35","slug":"campana-de-vacunacion-de-mascotas-en-barrio-estrada","status":"publish","type":"post","link":"https:\/\/eldiariodesanpedro.com.ar\/sitio\/campana-de-vacunacion-de-mascotas-en-barrio-estrada\/","title":{"rendered":"Campa\u00f1a de Vacunaci\u00f3n de mascotas en barrio Estrada"},"content":{"rendered":"<!-- VideographyWP Plugin Message: Automatic video embedding prevented by plugin options. -->\n\n<p>El Departamento Canino informa que, continuando con la campa\u00f1a de vacunaci\u00f3n para perros y gatos, este viernes 2 de Julio se instalar\u00e1 un equipo del \u00e1rea en la plaza ubicada entre las calles Litoral y Fray Goycochea del barrio Estrada.<\/p>\n\n\n\n<p>Se invita a quienes deseen acercar sus mascotas, pueden hacerlo respetando las medidas sanitarias vigentes entre las 9 y 12.30 hs, y todos los animales deber\u00e1n tener collar, correa y\/o bozal.<\/p>\n\n\n\n<p>Departamento Canino<br>Secretar\u00eda de Salud<br>Municipalidad de San Pedr<\/p>\n","protected":false},"excerpt":{"rendered":"<p>El Departamento Canino informa que, continuando con la campa\u00f1a de vacunaci\u00f3n para perros y gatos, este viernes 2 de Julio se instalar\u00e1 un equipo del \u00e1rea en la plaza ubicada entre las calles Litoral y Fray Goycochea del barrio Estrada. Se invita a quienes deseen acercar sus mascotas, pueden hacerlo respetando las medidas sanitarias vigentes [&hellip;]<\/p>\n","protected":false},"author":4,"featured_media":95044,"comment_status":"open","ping_status":"closed","sticky":false,"template":"","format":"standard","meta":{"om_disable_all_campaigns":false,"_jetpack_memberships_contains_paid_content":false,"footnotes":""},"categories":[101,2],"tags":[],"class_list":["post-95043","post","type-post","status-publish","format-standard","has-post-thumbnail","hentry","category-interes-general-locales","category-locales"],"aioseo_notices":[],"gutentor_comment":0,"jetpack_featured_media_url":"https:\/\/eldiariodesanpedro.com.ar\/sitio\/wp-content\/uploads\/2021\/07\/WhatsApp-Image-2021-07-01-at-15.06.22.jpeg","jetpack_shortlink":"https:\/\/wp.me\/p6RhLt-oIX","jetpack_sharing_enabled":true,"_links":{"self":[{"href":"https:\/\/eldiariodesanpedro.com.ar\/sitio\/wp-json\/wp\/v2\/posts\/95043","targetHints":{"allow":["GET"]}}],"collection":[{"href":"https:\/\/eldiariodesanpedro.com.ar\/sitio\/wp-json\/wp\/v2\/posts"}],"about":[{"href":"https:\/\/eldiariodesanpedro.com.ar\/sitio\/wp-json\/wp\/v2\/types\/post"}],"author":[{"embeddable":true,"href":"https:\/\/eldiariodesanpedro.com.ar\/sitio\/wp-json\/wp\/v2\/users\/4"}],"replies":[{"embeddable":true,"href":"https:\/\/eldiariodesanpedro.com.ar\/sitio\/wp-json\/wp\/v2\/comments?post=95043"}],"version-history":[{"count":1,"href":"https:\/\/eldiariodesanpedro.com.ar\/sitio\/wp-json\/wp\/v2\/posts\/95043\/revisions"}],"predecessor-version":[{"id":95045,"href":"https:\/\/eldiariodesanpedro.com.ar\/sitio\/wp-json\/wp\/v2\/posts\/95043\/revisions\/95045"}],"wp:featuredmedia":[{"embeddable":true,"href":"https:\/\/eldiariodesanpedro.com.ar\/sitio\/wp-json\/wp\/v2\/media\/95044"}],"wp:attachment":[{"href":"https:\/\/eldiariodesanpedro.com.ar\/sitio\/wp-json\/wp\/v2\/media?parent=95043"}],"wp:term":[{"taxonomy":"category","embeddable":true,"href":"https:\/\/eldiariodesanpedro.com.ar\/sitio\/wp-json\/wp\/v2\/categories?post=95043"},{"taxonomy":"post_tag","embeddable":true,"href":"https:\/\/eldiariodesanpedro.com.ar\/sitio\/wp-json\/wp\/v2\/tags?post=95043"}],"curies":[{"name":"wp","href":"https:\/\/api.w.org\/{rel}","templated":true}]}}