{"id":95040,"date":"2021-07-01T17:46:28","date_gmt":"2021-07-01T20:46:28","guid":{"rendered":"https:\/\/eldiariodesanpedro.com.ar\/sitio\/?p=95040"},"modified":"2021-07-01T17:46:32","modified_gmt":"2021-07-01T20:46:32","slug":"la-asociacion-farmaceutica-de-san-pedro-adhiere-a-la-campana-de-invierno-red-de-abrazos","status":"publish","type":"post","link":"https:\/\/eldiariodesanpedro.com.ar\/sitio\/la-asociacion-farmaceutica-de-san-pedro-adhiere-a-la-campana-de-invierno-red-de-abrazos\/","title":{"rendered":"La Asociaci\u00f3n Farmac\u00e9utica de San Pedro adhiere a la campa\u00f1a de invierno \u00abRed de Abrazos\u00bb"},"content":{"rendered":"<!-- VideographyWP Plugin Message: Automatic video embedding prevented by plugin options. -->\n\n<p>La Asociaci\u00f3n Farmac\u00e9utica de San Pedro adhiere, e invita a toda la comunidad a participar de la Campa\u00f1a de Invierno \u00abRed de Abrazos\u00bb, impulsada por la Red de Merenderos de la Rep\u00fablica Argentina y organizaci\u00f3n Hombre Nuevo.<\/p>\n\n\n\n<p>La iniciativa consiste en la recepci\u00f3n de ropa de abrigo, frazadas y zapatillas, entre otras prendas en buen estado que puedan ser compartidas con familias que lo necesiten.<\/p>\n\n\n\n<p>Los pr\u00f3ximos s\u00e1bados 3 y 10 de julio de 14 a 17 en la parroquia San Roque (Bulevar Moreno 940) se recibir\u00e1n las donaciones para que luego sean distribuidas, especialmente en los sectores m\u00e1s vulnerables, en estos d\u00edas de bajas temperaturas.<\/p>\n\n\n\n<p>En los mismos fines de semana la campa\u00f1a se realizar\u00e1 simult\u00e1neamente en Dolores (Provincia de Buenos Aires), General Roca (R\u00edo Negro) y Balnearia (C\u00f3rdoba).<\/p>\n\n\n\n<p>Desde la Asociaci\u00f3n estar\u00e1n presentes con colaboraci\u00f3n e invitamos a toda la comunidad a acompa\u00f1ar esta iniciativa.<\/p>\n","protected":false},"excerpt":{"rendered":"<p>La Asociaci\u00f3n Farmac\u00e9utica de San Pedro adhiere, e invita a toda la comunidad a participar de la Campa\u00f1a de Invierno \u00abRed de Abrazos\u00bb, impulsada por la Red de Merenderos de la Rep\u00fablica Argentina y organizaci\u00f3n Hombre Nuevo. La iniciativa consiste en la recepci\u00f3n de ropa de abrigo, frazadas y zapatillas, entre otras prendas en buen [&hellip;]<\/p>\n","protected":false},"author":4,"featured_media":95041,"comment_status":"open","ping_status":"closed","sticky":false,"template":"","format":"standard","meta":{"om_disable_all_campaigns":false,"_jetpack_memberships_contains_paid_content":false,"footnotes":""},"categories":[101,2],"tags":[],"class_list":["post-95040","post","type-post","status-publish","format-standard","has-post-thumbnail","hentry","category-interes-general-locales","category-locales"],"aioseo_notices":[],"gutentor_comment":0,"jetpack_featured_media_url":"https:\/\/eldiariodesanpedro.com.ar\/sitio\/wp-content\/uploads\/2021\/07\/RED-DE-ABRAZOS.jpg","jetpack_shortlink":"https:\/\/wp.me\/p6RhLt-oIU","jetpack_sharing_enabled":true,"_links":{"self":[{"href":"https:\/\/eldiariodesanpedro.com.ar\/sitio\/wp-json\/wp\/v2\/posts\/95040","targetHints":{"allow":["GET"]}}],"collection":[{"href":"https:\/\/eldiariodesanpedro.com.ar\/sitio\/wp-json\/wp\/v2\/posts"}],"about":[{"href":"https:\/\/eldiariodesanpedro.com.ar\/sitio\/wp-json\/wp\/v2\/types\/post"}],"author":[{"embeddable":true,"href":"https:\/\/eldiariodesanpedro.com.ar\/sitio\/wp-json\/wp\/v2\/users\/4"}],"replies":[{"embeddable":true,"href":"https:\/\/eldiariodesanpedro.com.ar\/sitio\/wp-json\/wp\/v2\/comments?post=95040"}],"version-history":[{"count":1,"href":"https:\/\/eldiariodesanpedro.com.ar\/sitio\/wp-json\/wp\/v2\/posts\/95040\/revisions"}],"predecessor-version":[{"id":95042,"href":"https:\/\/eldiariodesanpedro.com.ar\/sitio\/wp-json\/wp\/v2\/posts\/95040\/revisions\/95042"}],"wp:featuredmedia":[{"embeddable":true,"href":"https:\/\/eldiariodesanpedro.com.ar\/sitio\/wp-json\/wp\/v2\/media\/95041"}],"wp:attachment":[{"href":"https:\/\/eldiariodesanpedro.com.ar\/sitio\/wp-json\/wp\/v2\/media?parent=95040"}],"wp:term":[{"taxonomy":"category","embeddable":true,"href":"https:\/\/eldiariodesanpedro.com.ar\/sitio\/wp-json\/wp\/v2\/categories?post=95040"},{"taxonomy":"post_tag","embeddable":true,"href":"https:\/\/eldiariodesanpedro.com.ar\/sitio\/wp-json\/wp\/v2\/tags?post=95040"}],"curies":[{"name":"wp","href":"https:\/\/api.w.org\/{rel}","templated":true}]}}