{"id":95036,"date":"2021-07-01T17:37:41","date_gmt":"2021-07-01T20:37:41","guid":{"rendered":"https:\/\/eldiariodesanpedro.com.ar\/sitio\/?p=95036"},"modified":"2021-07-01T17:37:47","modified_gmt":"2021-07-01T20:37:47","slug":"lalcec-llevo-a-cabo-la-campana-anual-de-diagnostico-sobre-cancer-de-mamas","status":"publish","type":"post","link":"https:\/\/eldiariodesanpedro.com.ar\/sitio\/lalcec-llevo-a-cabo-la-campana-anual-de-diagnostico-sobre-cancer-de-mamas\/","title":{"rendered":"LALCEC Llevo a cabo la Campa\u00f1a Anual de Diagn\u00f3stico sobre C\u00e1ncer de Mamas"},"content":{"rendered":"<!-- VideographyWP Plugin Message: Automatic video embedding prevented by plugin options. -->\n\n<p>Como ocurre todos los a\u00f1os, se llev\u00f3 a cabo la campa\u00f1a que coordina LALCEC San Pedro para diagnosticar tempranamente una patolog\u00eda, mediante mamograf\u00edas y destinada a quienes no cuentan con obra social para realizarse los ex\u00e1menes de detecci\u00f3n.<\/p>\n\n\n\n<p>En un trabajo en conjunto con la Secretar\u00eda de Desarrollo Humano de la Municipalidad de San Pedro encabezada por Walter S\u00e1nchez y desde la Direcci\u00f3n de Comisiones de Fomento que dirige Adri\u00e1n Devito se brind\u00f3 acompa\u00f1amiento y colaboraci\u00f3n para distribuir los turnos entre los barrios y localidades a quienes tambi\u00e9n se les facilit\u00f3 el traslado.<\/p>\n\n\n\n<p>De este modo se logr\u00f3 agotar los turnos que ten\u00edan destinados a esta campa\u00f1a y se distribuyeron de forma equitativa en la ciudad y sus localidades. En el d\u00eda de hoy, dentro de las actividades de cierre, fue invitado a visitar la Unidad M\u00f3vil, el Secretario de Salud Dr. Daniel Creus quien destac\u00f3 el trabajo realizado y agradeci\u00f3 la constante tarea que LALCEC realiza en San Pedro a trav\u00e9s de su gran equipo de profesionales y voluntarios.<\/p>\n\n\n\n<figure class=\"wp-block-image size-large\"><img decoding=\"async\" width=\"1024\" height=\"505\" data-attachment-id=\"95037\" data-permalink=\"https:\/\/eldiariodesanpedro.com.ar\/sitio\/lalcec-llevo-a-cabo-la-campana-anual-de-diagnostico-sobre-cancer-de-mamas\/whatsapp-image-2021-07-01-at-13-27-46\/\" data-orig-file=\"https:\/\/eldiariodesanpedro.com.ar\/sitio\/wp-content\/uploads\/2021\/07\/WhatsApp-Image-2021-07-01-at-13.27.46.jpeg\" data-orig-size=\"1280,631\" data-comments-opened=\"1\" data-image-meta=\"{&quot;aperture&quot;:&quot;0&quot;,&quot;credit&quot;:&quot;&quot;,&quot;camera&quot;:&quot;&quot;,&quot;caption&quot;:&quot;&quot;,&quot;created_timestamp&quot;:&quot;0&quot;,&quot;copyright&quot;:&quot;&quot;,&quot;focal_length&quot;:&quot;0&quot;,&quot;iso&quot;:&quot;0&quot;,&quot;shutter_speed&quot;:&quot;0&quot;,&quot;title&quot;:&quot;&quot;,&quot;orientation&quot;:&quot;0&quot;}\" data-image-title=\"WhatsApp Image 2021-07-01 at 13.27.46\" data-image-description=\"\" data-image-caption=\"\" data-large-file=\"https:\/\/eldiariodesanpedro.com.ar\/sitio\/wp-content\/uploads\/2021\/07\/WhatsApp-Image-2021-07-01-at-13.27.46-1024x505.jpeg\" data-src=\"https:\/\/eldiariodesanpedro.com.ar\/sitio\/wp-content\/uploads\/2021\/07\/WhatsApp-Image-2021-07-01-at-13.27.46-1024x505.jpeg\" alt=\"\" class=\"wp-image-95037 lazyload\" data-srcset=\"https:\/\/eldiariodesanpedro.com.ar\/sitio\/wp-content\/uploads\/2021\/07\/WhatsApp-Image-2021-07-01-at-13.27.46-1024x505.jpeg 1024w, https:\/\/eldiariodesanpedro.com.ar\/sitio\/wp-content\/uploads\/2021\/07\/WhatsApp-Image-2021-07-01-at-13.27.46-300x148.jpeg 300w, https:\/\/eldiariodesanpedro.com.ar\/sitio\/wp-content\/uploads\/2021\/07\/WhatsApp-Image-2021-07-01-at-13.27.46-768x379.jpeg 768w, https:\/\/eldiariodesanpedro.com.ar\/sitio\/wp-content\/uploads\/2021\/07\/WhatsApp-Image-2021-07-01-at-13.27.46.jpeg 1280w\" data-sizes=\"(max-width: 1024px) 100vw, 1024px\" src=\"data:image\/svg+xml;base64,PHN2ZyB3aWR0aD0iMSIgaGVpZ2h0PSIxIiB4bWxucz0iaHR0cDovL3d3dy53My5vcmcvMjAwMC9zdmciPjwvc3ZnPg==\" style=\"--smush-placeholder-width: 1024px; --smush-placeholder-aspect-ratio: 1024\/505;\" \/><\/figure>\n","protected":false},"excerpt":{"rendered":"<p>Como ocurre todos los a\u00f1os, se llev\u00f3 a cabo la campa\u00f1a que coordina LALCEC San Pedro para diagnosticar tempranamente una patolog\u00eda, mediante mamograf\u00edas y destinada a quienes no cuentan con obra social para realizarse los ex\u00e1menes de detecci\u00f3n. En un trabajo en conjunto con la Secretar\u00eda de Desarrollo Humano de la Municipalidad de San Pedro [&hellip;]<\/p>\n","protected":false},"author":4,"featured_media":95038,"comment_status":"open","ping_status":"closed","sticky":false,"template":"","format":"standard","meta":{"om_disable_all_campaigns":false,"_jetpack_memberships_contains_paid_content":false,"footnotes":""},"categories":[50,101,2],"tags":[],"class_list":["post-95036","post","type-post","status-publish","format-standard","has-post-thumbnail","hentry","category-destacadas","category-interes-general-locales","category-locales"],"aioseo_notices":[],"gutentor_comment":0,"jetpack_featured_media_url":"https:\/\/eldiariodesanpedro.com.ar\/sitio\/wp-content\/uploads\/2021\/07\/WhatsApp-Image-2021-07-01-at-13.27.47.jpeg","jetpack_shortlink":"https:\/\/wp.me\/p6RhLt-oIQ","jetpack_sharing_enabled":true,"_links":{"self":[{"href":"https:\/\/eldiariodesanpedro.com.ar\/sitio\/wp-json\/wp\/v2\/posts\/95036","targetHints":{"allow":["GET"]}}],"collection":[{"href":"https:\/\/eldiariodesanpedro.com.ar\/sitio\/wp-json\/wp\/v2\/posts"}],"about":[{"href":"https:\/\/eldiariodesanpedro.com.ar\/sitio\/wp-json\/wp\/v2\/types\/post"}],"author":[{"embeddable":true,"href":"https:\/\/eldiariodesanpedro.com.ar\/sitio\/wp-json\/wp\/v2\/users\/4"}],"replies":[{"embeddable":true,"href":"https:\/\/eldiariodesanpedro.com.ar\/sitio\/wp-json\/wp\/v2\/comments?post=95036"}],"version-history":[{"count":1,"href":"https:\/\/eldiariodesanpedro.com.ar\/sitio\/wp-json\/wp\/v2\/posts\/95036\/revisions"}],"predecessor-version":[{"id":95039,"href":"https:\/\/eldiariodesanpedro.com.ar\/sitio\/wp-json\/wp\/v2\/posts\/95036\/revisions\/95039"}],"wp:featuredmedia":[{"embeddable":true,"href":"https:\/\/eldiariodesanpedro.com.ar\/sitio\/wp-json\/wp\/v2\/media\/95038"}],"wp:attachment":[{"href":"https:\/\/eldiariodesanpedro.com.ar\/sitio\/wp-json\/wp\/v2\/media?parent=95036"}],"wp:term":[{"taxonomy":"category","embeddable":true,"href":"https:\/\/eldiariodesanpedro.com.ar\/sitio\/wp-json\/wp\/v2\/categories?post=95036"},{"taxonomy":"post_tag","embeddable":true,"href":"https:\/\/eldiariodesanpedro.com.ar\/sitio\/wp-json\/wp\/v2\/tags?post=95036"}],"curies":[{"name":"wp","href":"https:\/\/api.w.org\/{rel}","templated":true}]}}