{"id":95033,"date":"2021-07-01T12:48:15","date_gmt":"2021-07-01T15:48:15","guid":{"rendered":"https:\/\/eldiariodesanpedro.com.ar\/sitio\/?p=95033"},"modified":"2021-07-01T12:48:22","modified_gmt":"2021-07-01T15:48:22","slug":"la-provincia-da-el-ok-para-reabrir-comedores-escolares","status":"publish","type":"post","link":"https:\/\/eldiariodesanpedro.com.ar\/sitio\/la-provincia-da-el-ok-para-reabrir-comedores-escolares\/","title":{"rendered":"La Provincia da el OK para reabrir comedores escolares"},"content":{"rendered":"<!-- VideographyWP Plugin Message: Automatic video embedding prevented by plugin options. -->\n\n<p>El Gobierno bonaerense aprob\u00f3 los protocolos para la reapuertura, de manera gradual, de los salones comedores en establecimientos educativos, tanto de gesti\u00f3n estatal como privada.<\/p>\n\n\n\n<p>De acuerdo con lo informado, comenzar\u00e1 con los que funcionan en residencias y albergues, seg\u00fan las condiciones de cada establecimiento, ya que funcionan con un sistema en el cual pernoctan en los propios edificios.<\/p>\n\n\n\n<p>El documento dado a conocer por la Direcci\u00f3n General de Cultura y Educaci\u00f3n provincial, que conduce Agustina Vila, explica que&nbsp;<br>\u201cen aquellos establecimientos educativos con residencias o albergues estudiantiles corresponder\u00e1 la aplicaci\u00f3n del presente protocolo, en el marco de las prestaciones originales del SAE, consumiendo los y las estudiantes las prestaciones alimentarias dentro de los establecimientos educativos\u00bb.&nbsp;<\/p>\n\n\n\n<p>\u00abEn los restantes establecimientos educativos el presente protocolo ser\u00e1 de aplicaci\u00f3n cuando la DGCYE autorice las prestaciones alimentarias en el establecimiento en forma progresiva\u201d, indica el documento emitido por la Direcci\u00f3n General de escuelas de la Provincia\u00bb, a\u00f1ade.<\/p>\n\n\n\n<p>En las consideraciones, expresa que la reapertura de los comedores dependen del \u201cestado de la infraestructura de la cocina y el estado, condiciones de ventilaci\u00f3n y superficie del espacio com\u00fan que ser\u00e1 utilizado en comedor\u201d, agregando: \u00abLos elementos de limpieza y desinfecci\u00f3n y aquellos de protecci\u00f3n personal ser\u00e1n provistos por la DGCYE a trav\u00e9s de los Consejos Escolares\u201d.<\/p>\n\n\n\n<p>Cabe recordar que, desde el inicio de la pandemia, el Servicio Alimentario Escolar (SAE) se brinda a trav\u00e9s de viandas \u2013m\u00f3dulos- que las familias retiran cada 15 d\u00edas, que contienen alimentos para ese per\u00edodo.<\/p>\n\n\n\n<p>Fuente: <a href=\"https:\/\/www.latecla.info\/122588-la-provincia-da-el-ok-para-reabrir-comedores-escolares\">La Tecla<\/a><\/p>\n","protected":false},"excerpt":{"rendered":"<p>El Gobierno bonaerense aprob\u00f3 los protocolos para la reapuertura, de manera gradual, de los salones comedores en establecimientos educativos, tanto de gesti\u00f3n estatal como privada. De acuerdo con lo informado, comenzar\u00e1 con los que funcionan en residencias y albergues, seg\u00fan las condiciones de cada establecimiento, ya que funcionan con un sistema en el cual pernoctan [&hellip;]<\/p>\n","protected":false},"author":4,"featured_media":95034,"comment_status":"open","ping_status":"closed","sticky":false,"template":"","format":"standard","meta":{"om_disable_all_campaigns":false,"_jetpack_memberships_contains_paid_content":false,"footnotes":""},"categories":[621],"tags":[],"class_list":["post-95033","post","type-post","status-publish","format-standard","has-post-thumbnail","hentry","category-regionales"],"aioseo_notices":[],"gutentor_comment":0,"jetpack_featured_media_url":"https:\/\/eldiariodesanpedro.com.ar\/sitio\/wp-content\/uploads\/2021\/07\/130440_3.jpg","jetpack_shortlink":"https:\/\/wp.me\/p6RhLt-oIN","jetpack_sharing_enabled":true,"_links":{"self":[{"href":"https:\/\/eldiariodesanpedro.com.ar\/sitio\/wp-json\/wp\/v2\/posts\/95033","targetHints":{"allow":["GET"]}}],"collection":[{"href":"https:\/\/eldiariodesanpedro.com.ar\/sitio\/wp-json\/wp\/v2\/posts"}],"about":[{"href":"https:\/\/eldiariodesanpedro.com.ar\/sitio\/wp-json\/wp\/v2\/types\/post"}],"author":[{"embeddable":true,"href":"https:\/\/eldiariodesanpedro.com.ar\/sitio\/wp-json\/wp\/v2\/users\/4"}],"replies":[{"embeddable":true,"href":"https:\/\/eldiariodesanpedro.com.ar\/sitio\/wp-json\/wp\/v2\/comments?post=95033"}],"version-history":[{"count":1,"href":"https:\/\/eldiariodesanpedro.com.ar\/sitio\/wp-json\/wp\/v2\/posts\/95033\/revisions"}],"predecessor-version":[{"id":95035,"href":"https:\/\/eldiariodesanpedro.com.ar\/sitio\/wp-json\/wp\/v2\/posts\/95033\/revisions\/95035"}],"wp:featuredmedia":[{"embeddable":true,"href":"https:\/\/eldiariodesanpedro.com.ar\/sitio\/wp-json\/wp\/v2\/media\/95034"}],"wp:attachment":[{"href":"https:\/\/eldiariodesanpedro.com.ar\/sitio\/wp-json\/wp\/v2\/media?parent=95033"}],"wp:term":[{"taxonomy":"category","embeddable":true,"href":"https:\/\/eldiariodesanpedro.com.ar\/sitio\/wp-json\/wp\/v2\/categories?post=95033"},{"taxonomy":"post_tag","embeddable":true,"href":"https:\/\/eldiariodesanpedro.com.ar\/sitio\/wp-json\/wp\/v2\/tags?post=95033"}],"curies":[{"name":"wp","href":"https:\/\/api.w.org\/{rel}","templated":true}]}}