{"id":95031,"date":"2021-07-01T12:37:56","date_gmt":"2021-07-01T15:37:56","guid":{"rendered":"https:\/\/eldiariodesanpedro.com.ar\/sitio\/?p=95031"},"modified":"2021-07-01T12:37:59","modified_gmt":"2021-07-01T15:37:59","slug":"baradero-la-ciudad-pasa-a-fase-4-a-partir-de-hoy","status":"publish","type":"post","link":"https:\/\/eldiariodesanpedro.com.ar\/sitio\/baradero-la-ciudad-pasa-a-fase-4-a-partir-de-hoy\/","title":{"rendered":"BARADERO | La ciudad pasa a Fase 4 a partir de hoy"},"content":{"rendered":"<!-- VideographyWP Plugin Message: Automatic video embedding prevented by plugin options. -->\n\n<p>Desde el viernes 2 de julio&nbsp;en&nbsp;Baradero&nbsp;estar\u00e1n vigentes las medidas de&nbsp;Fase&nbsp;4&nbsp;a ra\u00edz de las disposiciones notificadas por el gobierno de la provincia de Buenos Aires m\u00e1s la inclusi\u00f3n de medidas locales. Se actualizan las pautas de distanciamiento, actividades habilitadas y horarios de circulaci\u00f3n.&nbsp;&nbsp;<\/p>\n\n\n\n<p><strong>Medidas actualizadas en Baradero&nbsp;<\/strong><\/p>\n\n\n\n<ul class=\"wp-block-list\"><li>Restricci\u00f3n de la circulaci\u00f3n desde las 00:00 horas a las 6:00 horas&nbsp;<\/li><li>La actividad comercial finaliza a las 00 horas&nbsp;<\/li><li>Est\u00e1n permitidos los restaurantes y bares en el interior con atenci\u00f3n hasta las 00 horas&nbsp;<\/li><li>Est\u00e1n permitidas las reuniones sociales en domicilios particulares hasta 10 personas&nbsp;<\/li><li>Est\u00e1n permitidos los eventos culturales, sociales y recreativos en espacios p\u00fablicos al aire libre con concurrencia m\u00e1xima de hasta 10 personas&nbsp;<\/li><li>Est\u00e1n permitidas las actividades deportivas colectivas con o sin contacto, al aire libre o en espacios con amplia ventilaci\u00f3n natural&nbsp;<\/li><li>Est\u00e1n permitidos los talleres culturales hasta 20 personas al aire libre o en espacios cerrados con amplia ventilaci\u00f3n natural&nbsp;<\/li><li>&nbsp;Est\u00e1n permitidos los eventos religiosos&nbsp;en&nbsp;espacios cerrados, con una concurrencia m\u00e1xima&nbsp;de&nbsp;personas&nbsp;de&nbsp;hasta el&nbsp;30%&nbsp;de&nbsp;su capacidad&nbsp;<\/li><\/ul>\n\n\n\n<p>Es importante cumplir con las medidas mencionadas para seguir cuidando la vida de todos. Adem\u00e1s, si todav\u00eda no recibiste la vacuna contra el Covid-19 para inscribirte al Plan de Vacunaci\u00f3n p\u00fablico, gratuito y optativo contra el Covid-19 ingresar al siguiente link:&nbsp;<a href=\"https:\/\/vacunatepba.gba.gob.ar\/\" target=\"_blank\" rel=\"noreferrer noopener\"><strong>https:\/\/vacunatepba.gba.gob.ar\/<\/strong><\/a><\/p>\n","protected":false},"excerpt":{"rendered":"<p>Desde el viernes 2 de julio&nbsp;en&nbsp;Baradero&nbsp;estar\u00e1n vigentes las medidas de&nbsp;Fase&nbsp;4&nbsp;a ra\u00edz de las disposiciones notificadas por el gobierno de la provincia de Buenos Aires m\u00e1s la inclusi\u00f3n de medidas locales. Se actualizan las pautas de distanciamiento, actividades habilitadas y horarios de circulaci\u00f3n.&nbsp;&nbsp; Medidas actualizadas en Baradero&nbsp; Restricci\u00f3n de la circulaci\u00f3n desde las 00:00 horas a [&hellip;]<\/p>\n","protected":false},"author":4,"featured_media":93024,"comment_status":"open","ping_status":"closed","sticky":false,"template":"","format":"standard","meta":{"om_disable_all_campaigns":false,"_jetpack_memberships_contains_paid_content":false,"footnotes":""},"categories":[621],"tags":[],"class_list":["post-95031","post","type-post","status-publish","format-standard","has-post-thumbnail","hentry","category-regionales"],"aioseo_notices":[],"gutentor_comment":0,"jetpack_featured_media_url":"https:\/\/eldiariodesanpedro.com.ar\/sitio\/wp-content\/uploads\/2021\/05\/acceso-a-baradero.jpg","jetpack_shortlink":"https:\/\/wp.me\/p6RhLt-oIL","jetpack_sharing_enabled":true,"_links":{"self":[{"href":"https:\/\/eldiariodesanpedro.com.ar\/sitio\/wp-json\/wp\/v2\/posts\/95031","targetHints":{"allow":["GET"]}}],"collection":[{"href":"https:\/\/eldiariodesanpedro.com.ar\/sitio\/wp-json\/wp\/v2\/posts"}],"about":[{"href":"https:\/\/eldiariodesanpedro.com.ar\/sitio\/wp-json\/wp\/v2\/types\/post"}],"author":[{"embeddable":true,"href":"https:\/\/eldiariodesanpedro.com.ar\/sitio\/wp-json\/wp\/v2\/users\/4"}],"replies":[{"embeddable":true,"href":"https:\/\/eldiariodesanpedro.com.ar\/sitio\/wp-json\/wp\/v2\/comments?post=95031"}],"version-history":[{"count":1,"href":"https:\/\/eldiariodesanpedro.com.ar\/sitio\/wp-json\/wp\/v2\/posts\/95031\/revisions"}],"predecessor-version":[{"id":95032,"href":"https:\/\/eldiariodesanpedro.com.ar\/sitio\/wp-json\/wp\/v2\/posts\/95031\/revisions\/95032"}],"wp:featuredmedia":[{"embeddable":true,"href":"https:\/\/eldiariodesanpedro.com.ar\/sitio\/wp-json\/wp\/v2\/media\/93024"}],"wp:attachment":[{"href":"https:\/\/eldiariodesanpedro.com.ar\/sitio\/wp-json\/wp\/v2\/media?parent=95031"}],"wp:term":[{"taxonomy":"category","embeddable":true,"href":"https:\/\/eldiariodesanpedro.com.ar\/sitio\/wp-json\/wp\/v2\/categories?post=95031"},{"taxonomy":"post_tag","embeddable":true,"href":"https:\/\/eldiariodesanpedro.com.ar\/sitio\/wp-json\/wp\/v2\/tags?post=95031"}],"curies":[{"name":"wp","href":"https:\/\/api.w.org\/{rel}","templated":true}]}}