{"id":95024,"date":"2021-07-01T10:45:58","date_gmt":"2021-07-01T13:45:58","guid":{"rendered":"https:\/\/eldiariodesanpedro.com.ar\/sitio\/?p=95024"},"modified":"2021-07-01T10:46:02","modified_gmt":"2021-07-01T13:46:02","slug":"hidrovia-se-oficializo-la-estatizacion-por-un-ano","status":"publish","type":"post","link":"https:\/\/eldiariodesanpedro.com.ar\/sitio\/hidrovia-se-oficializo-la-estatizacion-por-un-ano\/","title":{"rendered":"Hidrov\u00eda: se oficializ\u00f3 la estatizaci\u00f3n por un a\u00f1o"},"content":{"rendered":"<!-- VideographyWP Plugin Message: Automatic video embedding prevented by plugin options. -->\n\n<p>El Gobierno oficializ\u00f3 este jueves mediante el decreto 427\/2021 el control de la hidrov\u00eda Paraguay-Paran\u00e1 por 12 meses.<\/p>\n\n\n\n<p><strong>El gobierno nacional oficializ\u00f3 el\u00a0control\u00a0estatal de la\u00a0Hidrov\u00eda\u00a0Paraguay-Paran\u00e1\u00a0por los pr\u00f3ximos 12 meses<\/strong>, tras el vencimiento de la concesi\u00f3n del dragado y mantenimiento de la v\u00eda navegable del R\u00edo Paran\u00e1<\/p>\n\n\n\n<p>As\u00ed, la red fluvial que administra los peajes de navegaci\u00f3n y exportaci\u00f3n quedar\u00e1 en manos de la Administraci\u00f3n General de Puertos (AGP) hasta que se inicie un proceso de concesi\u00f3n prolongada.<\/p>\n\n\n\n<p>El control estatal de la hidrov\u00eda qued\u00f3 oficializado por el&nbsp;<strong>decreto 427\/2021<\/strong>&nbsp;que lleva la firma del&nbsp;<strong>presidente Alberto Fern\u00e1ndez, y le otorga a la Administraci\u00f3n General de Puertos (AGP)&nbsp;<\/strong>la concesi\u00f3n de la operaci\u00f3n para el mantenimiento del sistema de se\u00f1alizaci\u00f3n y tareas de dragado y redragado y el correspondiente control hidrol\u00f3gico de la V\u00eda Navegable Troncal comprendida entre el kil\u00f3metro 1.238 del R\u00edo Paran\u00e1, punto denominado Confluencia, hasta la Zona de Aguas Profundas Naturales en el R\u00edo de la Plata exterior.<\/p>\n\n\n\n<p>El mismo decreto que oficializa la<strong>&nbsp;estatizaci\u00f3n de la hidrov\u00eda incorpora como segundo p\u00e1rrafo del art\u00edculo 5\u00b0&nbsp;<\/strong>del Estatuto Administraci\u00f3n General de Puertos, que el organismo \u201ctambi\u00e9n podr\u00e1 asumir la concesi\u00f3n de obras y la administraci\u00f3n, prestaci\u00f3n de todo tipo de servicios de mantenimiento y operaci\u00f3n de las v\u00edas navegables que se le otorguen o se le encomienden, realizando los actos que le corresponda ejecutar en tal car\u00e1cter, por s\u00ed o a trav\u00e9s de terceros\u201d.<\/p>\n\n\n\n<p>El&nbsp;<strong>ministro de Transporte, Alexis Guerrera<\/strong>, hab\u00eda adelantado que el per\u00edodo de un a\u00f1o de control estatal sobre la hidrov\u00eda ser\u00eda un \u00abtiempo suficiente para preparar una licitaci\u00f3n grande y as\u00ed garantizar la navegabilidad\u00bb como est\u00e1 sucediendo en la actualidad.<\/p>\n\n\n\n<p>Adem\u00e1s, dijo que hay \u201cun trabajo conjunto, desde el Consejo Federal de la Hidrov\u00eda, con la participaci\u00f3n activa prevista de las provincias vinculadas con la v\u00eda navegable\u201d.<\/p>\n\n\n\n<p>En este proceso tendr\u00e1n protagonismo tambi\u00e9n varias universidades nacionales, que trabajar\u00e1n aspectos t\u00e9cnicos y ambientales. \u201cVamos a abordar de manera integral los pliegos que se pondr\u00e1n a consideraci\u00f3n para la v\u00eda navegable para los pr\u00f3ximos 15 a\u00f1os\u201d, se\u00f1al\u00f3 el funcionario.<\/p>\n\n\n\n<p>Fuente: <a href=\"https:\/\/infocielo.com\/hidrovia\/hidrovia-se-oficializo-la-estatizacion-un-ano-n714892\">Info Cielo<\/a><\/p>\n","protected":false},"excerpt":{"rendered":"<p>El Gobierno oficializ\u00f3 este jueves mediante el decreto 427\/2021 el control de la hidrov\u00eda Paraguay-Paran\u00e1 por 12 meses. El gobierno nacional oficializ\u00f3 el\u00a0control\u00a0estatal de la\u00a0Hidrov\u00eda\u00a0Paraguay-Paran\u00e1\u00a0por los pr\u00f3ximos 12 meses, tras el vencimiento de la concesi\u00f3n del dragado y mantenimiento de la v\u00eda navegable del R\u00edo Paran\u00e1 As\u00ed, la red fluvial que administra los peajes de [&hellip;]<\/p>\n","protected":false},"author":4,"featured_media":95025,"comment_status":"open","ping_status":"closed","sticky":false,"template":"","format":"standard","meta":{"om_disable_all_campaigns":false,"_jetpack_memberships_contains_paid_content":false,"footnotes":""},"categories":[2],"tags":[],"class_list":["post-95024","post","type-post","status-publish","format-standard","has-post-thumbnail","hentry","category-locales"],"aioseo_notices":[],"gutentor_comment":0,"jetpack_featured_media_url":"https:\/\/eldiariodesanpedro.com.ar\/sitio\/wp-content\/uploads\/2021\/07\/hidroviajpg.jpg","jetpack_shortlink":"https:\/\/wp.me\/p6RhLt-oIE","jetpack_sharing_enabled":true,"_links":{"self":[{"href":"https:\/\/eldiariodesanpedro.com.ar\/sitio\/wp-json\/wp\/v2\/posts\/95024","targetHints":{"allow":["GET"]}}],"collection":[{"href":"https:\/\/eldiariodesanpedro.com.ar\/sitio\/wp-json\/wp\/v2\/posts"}],"about":[{"href":"https:\/\/eldiariodesanpedro.com.ar\/sitio\/wp-json\/wp\/v2\/types\/post"}],"author":[{"embeddable":true,"href":"https:\/\/eldiariodesanpedro.com.ar\/sitio\/wp-json\/wp\/v2\/users\/4"}],"replies":[{"embeddable":true,"href":"https:\/\/eldiariodesanpedro.com.ar\/sitio\/wp-json\/wp\/v2\/comments?post=95024"}],"version-history":[{"count":1,"href":"https:\/\/eldiariodesanpedro.com.ar\/sitio\/wp-json\/wp\/v2\/posts\/95024\/revisions"}],"predecessor-version":[{"id":95026,"href":"https:\/\/eldiariodesanpedro.com.ar\/sitio\/wp-json\/wp\/v2\/posts\/95024\/revisions\/95026"}],"wp:featuredmedia":[{"embeddable":true,"href":"https:\/\/eldiariodesanpedro.com.ar\/sitio\/wp-json\/wp\/v2\/media\/95025"}],"wp:attachment":[{"href":"https:\/\/eldiariodesanpedro.com.ar\/sitio\/wp-json\/wp\/v2\/media?parent=95024"}],"wp:term":[{"taxonomy":"category","embeddable":true,"href":"https:\/\/eldiariodesanpedro.com.ar\/sitio\/wp-json\/wp\/v2\/categories?post=95024"},{"taxonomy":"post_tag","embeddable":true,"href":"https:\/\/eldiariodesanpedro.com.ar\/sitio\/wp-json\/wp\/v2\/tags?post=95024"}],"curies":[{"name":"wp","href":"https:\/\/api.w.org\/{rel}","templated":true}]}}