{"id":94993,"date":"2021-06-30T18:12:51","date_gmt":"2021-06-30T21:12:51","guid":{"rendered":"https:\/\/eldiariodesanpedro.com.ar\/sitio\/?p=94993"},"modified":"2021-06-30T18:12:54","modified_gmt":"2021-06-30T21:12:54","slug":"por-bajas-temperaturas-se-reprograma-la-vacunacion-en-los-barrios-la-tosquera-y-canaletas","status":"publish","type":"post","link":"https:\/\/eldiariodesanpedro.com.ar\/sitio\/por-bajas-temperaturas-se-reprograma-la-vacunacion-en-los-barrios-la-tosquera-y-canaletas\/","title":{"rendered":"Por bajas temperaturas se reprograma la vacunaci\u00f3n en los barrios La Tosquera y Canaletas"},"content":{"rendered":"<!-- VideographyWP Plugin Message: Automatic video embedding prevented by plugin options. -->\n\n<p>La Secretar\u00eda de Salud de la Municipalidad de San Pedro y la Coordinaci\u00f3n de San Pedro del Plan Vacunate Buenos Aires, informan que en la jornada de hoy se recibieron 2.500 dosis de la vacuna AstraZeneca-Covishield que se suman a la disponibilidad con la que cuenta nuestro distrito.<\/p>\n\n\n\n<p>A partir de hoy 30 de junio, de 9 a 17, pueden recibir su primera dosis sin turno en 9 de Julio 190 (Club de Jubilados) personal de salud, docentes y auxiliares y personal de seguridad que no hayan sido convocados hasta la fecha. Adem\u00e1s, mayores de 50 a\u00f1os, mayores de 18 con comorbilidades, personas gestantes y quienes hayan perdido el turno inicialmente otorgado.<\/p>\n\n\n\n<p>Adem\u00e1s comenzar\u00e1n operativos de vacunaci\u00f3n e inscripci\u00f3n, los fines de semana, en zonas alejadas de la posta sanitaria. Aunque originalmente hab\u00edan sido planificados para<strong> ESTE FIN DE SEMANA<\/strong>, se ha recibido recientemente desde el Ministerio de Salud de la Provincia la directiva de reprogramarlos por las bajas temperaturas que se esperan para los pr\u00f3ximos d\u00edas.<\/p>\n\n\n\n<p>La acci\u00f3n planificada comprende la participaci\u00f3n de un equipo compuesto por representantes de la Secretar\u00eda de<br>Salud, del equipo del Plan de Vacunaci\u00f3n y voluntarios bonaerenses aplicar\u00e1 primeras dosis a quienes se encuentren comprendidos dentro de los grupos habilitados para la vacuna libre. Los primeros espacios agendados ser\u00e1n, en las nuevas fechas que ser\u00e1n oportunamente informadas, La Tosquera y Canaletas.<\/p>\n\n\n\n<p>Junto a la vacunaci\u00f3n se brindar\u00e1 informaci\u00f3n para quienes todav\u00eda no se hayan inscripto y para quienes necesiten asistencia directa, recorriendo los domicilios y dialogando con los vecinos.<\/p>\n\n\n\n<p>Para mayor informaci\u00f3n sobre las patolog\u00edas consideradas dentro del grupo de comorbilidades y otros detalles sobre del Plan se puede ingresar a vacunatepba.gba.gob.ar, enviar un whatsapp al 3329-317575 o escribir a <a href=\"mailto:vacunatesanpedro@gmail.com\">vacunatesanpedro@gmail.com<\/a>.<\/p>\n","protected":false},"excerpt":{"rendered":"<p>La Secretar\u00eda de Salud de la Municipalidad de San Pedro y la Coordinaci\u00f3n de San Pedro del Plan Vacunate Buenos Aires, informan que en la jornada de hoy se recibieron 2.500 dosis de la vacuna AstraZeneca-Covishield que se suman a la disponibilidad con la que cuenta nuestro distrito. A partir de hoy 30 de junio, [&hellip;]<\/p>\n","protected":false},"author":4,"featured_media":94994,"comment_status":"open","ping_status":"closed","sticky":false,"template":"","format":"standard","meta":{"om_disable_all_campaigns":false,"_jetpack_memberships_contains_paid_content":false,"footnotes":""},"categories":[50,101,2],"tags":[],"class_list":["post-94993","post","type-post","status-publish","format-standard","has-post-thumbnail","hentry","category-destacadas","category-interes-general-locales","category-locales"],"aioseo_notices":[],"gutentor_comment":0,"jetpack_featured_media_url":"https:\/\/eldiariodesanpedro.com.ar\/sitio\/wp-content\/uploads\/2021\/06\/testeos-y-vacunacion-barrio-itati-y-eldorado-3-6.jpg","jetpack_shortlink":"https:\/\/wp.me\/p6RhLt-oI9","jetpack_sharing_enabled":true,"_links":{"self":[{"href":"https:\/\/eldiariodesanpedro.com.ar\/sitio\/wp-json\/wp\/v2\/posts\/94993","targetHints":{"allow":["GET"]}}],"collection":[{"href":"https:\/\/eldiariodesanpedro.com.ar\/sitio\/wp-json\/wp\/v2\/posts"}],"about":[{"href":"https:\/\/eldiariodesanpedro.com.ar\/sitio\/wp-json\/wp\/v2\/types\/post"}],"author":[{"embeddable":true,"href":"https:\/\/eldiariodesanpedro.com.ar\/sitio\/wp-json\/wp\/v2\/users\/4"}],"replies":[{"embeddable":true,"href":"https:\/\/eldiariodesanpedro.com.ar\/sitio\/wp-json\/wp\/v2\/comments?post=94993"}],"version-history":[{"count":1,"href":"https:\/\/eldiariodesanpedro.com.ar\/sitio\/wp-json\/wp\/v2\/posts\/94993\/revisions"}],"predecessor-version":[{"id":94995,"href":"https:\/\/eldiariodesanpedro.com.ar\/sitio\/wp-json\/wp\/v2\/posts\/94993\/revisions\/94995"}],"wp:featuredmedia":[{"embeddable":true,"href":"https:\/\/eldiariodesanpedro.com.ar\/sitio\/wp-json\/wp\/v2\/media\/94994"}],"wp:attachment":[{"href":"https:\/\/eldiariodesanpedro.com.ar\/sitio\/wp-json\/wp\/v2\/media?parent=94993"}],"wp:term":[{"taxonomy":"category","embeddable":true,"href":"https:\/\/eldiariodesanpedro.com.ar\/sitio\/wp-json\/wp\/v2\/categories?post=94993"},{"taxonomy":"post_tag","embeddable":true,"href":"https:\/\/eldiariodesanpedro.com.ar\/sitio\/wp-json\/wp\/v2\/tags?post=94993"}],"curies":[{"name":"wp","href":"https:\/\/api.w.org\/{rel}","templated":true}]}}