{"id":94988,"date":"2021-06-30T18:04:06","date_gmt":"2021-06-30T21:04:06","guid":{"rendered":"https:\/\/eldiariodesanpedro.com.ar\/sitio\/?p=94988"},"modified":"2021-06-30T18:07:38","modified_gmt":"2021-06-30T21:07:38","slug":"melian-no-podra-pelear-contra-sosa-manana","status":"publish","type":"post","link":"https:\/\/eldiariodesanpedro.com.ar\/sitio\/melian-no-podra-pelear-contra-sosa-manana\/","title":{"rendered":"Meli\u00e1n no podr\u00e1 pelear contra Sosa ma\u00f1ana"},"content":{"rendered":"<!-- VideographyWP Plugin Message: Automatic video embedding prevented by plugin options. -->\n\n<p>El doble ol\u00edmpico no se encuentra totalmente recuperado luego de haber sido hospitalizado producto de una baja de presi\u00f3n, y si bien evoluciona favorablemente no podr\u00e1 afrontar el el gran combate por el t\u00edtulo sudamericano supergallo, de este jueves en San Pedro, Buenos Aires, en vivo por TyC Sports y TyC Sports Play.<\/p>\n\n\n\n<iframe data-src=\"https:\/\/www.facebook.com\/plugins\/video.php?height=288&#038;href=https%3A%2F%2Fwww.facebook.com%2Feldiario.desanpedro%2Fvideos%2F702236690555342%2F&#038;show_text=false&#038;width=560&#038;t=0\" width=\"560\" height=\"288\" style=\"border:none;overflow:hidden\" scrolling=\"no\" frameborder=\"0\" allowfullscreen=\"true\" allow=\"autoplay; clipboard-write; encrypted-media; picture-in-picture; web-share\" allowFullScreen=\"true\" src=\"data:image\/svg+xml;base64,PHN2ZyB3aWR0aD0iMSIgaGVpZ2h0PSIxIiB4bWxucz0iaHR0cDovL3d3dy53My5vcmcvMjAwMC9zdmciPjwvc3ZnPg==\" class=\"lazyload\" data-load-mode=\"1\"><\/iframe>\n\n\n\n<p>El doble ol\u00edmpico&nbsp;<strong>Alberto Meli\u00e1n<\/strong>&nbsp;finalmente no podr\u00e1 combatir ma\u00f1ana frente a&nbsp;<strong>Andr\u00e9s Sosa<\/strong>, ante quien buscaba destronar del t\u00edtulo sudamericano supergallo, como consecuencia de una descompensaci\u00f3n que sufri\u00f3 ayer por la tarde noche mientras finalizaba su entrenamiento, y por la que debi\u00f3 ser hospitalizado. Si bien fue dado de alta y evoluciona favorablemente en su hogar, a\u00fan se encuentra d\u00e9bil por lo que no podr\u00e1 afrontar el tan esperado combate que deb\u00eda ser el estelar de la velada que se desarrollar\u00e1 este jueves en el Paran\u00e1 F\u00fatbol Club, de San Pedro, Buenos Aires, que ser\u00e1 televisada en vivo a trav\u00e9s de&nbsp;<strong>TyC Sports<\/strong>&nbsp;y&nbsp;<strong>TyC Sports Play<\/strong>&nbsp;desde las 21 en su ciclo&nbsp;<strong>Boxeo de Primera<\/strong>.&nbsp;<strong>TyC Sports Play<\/strong>&nbsp;iniciar\u00e1 a las 18:45.<\/p>\n\n\n\n<p>En la tarde del martes,&nbsp;<strong>Meli\u00e1n sufri\u00f3 una descompensaci\u00f3n mientras entrenaba<\/strong>, producto de una baja de presi\u00f3n. Tras ello, debi\u00f3 ser atendido en su gimnasio El Boch\u00edn en el barrio porte\u00f1o de Liniers, y luego trasladado al Hospital Donaci\u00f3n Francisco Santojanni, donde pas\u00f3 toda la noche, hasta que fue dado de alta en la ma\u00f1ana del mi\u00e9rcoles.&nbsp;<strong>Si bien su condici\u00f3n es favorable, a\u00fan se encuentra d\u00e9bil por lo que deber\u00e1 permanecer en reposo a la espera de nuevos estudios y la pelea ser\u00e1 postergada<\/strong>.<\/p>\n\n\n\n<p>Debido a la situaci\u00f3n del actual campe\u00f3n intercontinental, en estos momentos se est\u00e1 definiendo el devenir de la velada, que podr\u00eda tener importantes novedades.<\/p>\n\n\n\n<p>Lo sucedido ha generado mucha sorpresa para todo el equipo de Meli\u00e1n (9-2, 5 KOs), que hace m\u00e1s de dos meses se preparaba a consciencia para el tan esperado combate frente al invicto Sosa (11-0, 7 KOs). En di\u00e1logo con\u00a0<strong>Boxeo de Primera<\/strong>, su entrenador,\u00a0<strong>Kiyoshi Hatano<\/strong>, brind\u00f3 m\u00e1s precisiones.<\/p>\n\n\n\n<blockquote class=\"wp-block-quote is-layout-flow wp-block-quote-is-layout-flow\"><p>\u201cEn el entrenamiento de ayer, despu\u00e9s de las 18, \u00e9l se cay\u00f3. Fue una situaci\u00f3n terrible. Se lo llevaron al Santojanni y estuvo internado hasta hoy a la ma\u00f1ana en observaci\u00f3n. Tuvo pico de deshidrataci\u00f3n por la exigencia de peso, aunque no lo estaba sufriendo. Estaba a unos gramos de la categor\u00eda, como suele ser para el d\u00eda anterior al pesaje. Tampoco se ven\u00eda sintiendo mal, fue un pico de esfuerzo. Se le apag\u00f3 la m\u00e1quina de golpe. Nunca nos hab\u00eda pasado\u00bb, relat\u00f3.<\/p><\/blockquote>\n\n\n\n<blockquote class=\"wp-block-quote is-layout-flow wp-block-quote-is-layout-flow\"><p>\u201cEn este momento, Alberto est\u00e1 en la casa de la madre. Descans\u00f3 pero tiene dolores de cabeza, y todav\u00eda est\u00e1 d\u00e9bil. Est\u00e1 asustado por la situaci\u00f3n. No se acuerda de cuando lo llev\u00e1bamos al hospital. Estaba bien con el peso. Le faltaba poco para dar la categor\u00eda\u201d, agreg\u00f3.<\/p><\/blockquote>\n\n\n\n<p>\u201cEs una pena porque Sosa tambi\u00e9n se prepar\u00f3 para esta pelea. Fue todo muy bueno y nosotros hicimos campamento de m\u00e1s de dos meses. El compromiso estuvo siempre. Est\u00e1 un poco ido todav\u00eda, con miedo y en estado de shock. Y tiene mucha bronca por lo sucedido y la postergaci\u00f3n de la pelea\u201d, ahond\u00f3.<\/p>\n\n\n\n<p>Y fue m\u00e1s all\u00e1. \u201cEl parte m\u00e9dico lo entregan reci\u00e9n ma\u00f1ana, por cuesti\u00f3n administrativa. Nos informaron que debido al protocolo de pandemia, solo se entrega los martes y jueves por la ma\u00f1ana. A Alberto lo dieron de alta, y lo mandaron a hacer reposo y esperar el parte. Luego seguramente se tendr\u00e1 que hacer todos los estudios pertinentes porque qued\u00f3 con miedo\u201d.<\/p>\n\n\n\n<h2 class=\"wp-block-heading\">BUSCAR\u00c1N REPROGRAMAR EL COMBATE<\/h2>\n\n\n\n<p>La intenci\u00f3n de las partes ser\u00e1 reprogramar el combate, siempre que las condiciones de salud de Meli\u00e1n as\u00ed lo permitan, seg\u00fan confirm\u00f3 su representante y promotor,&nbsp;<strong>Mario Margossian<\/strong>, titular de Argentina Boxing Promotions.<\/p>\n\n\n\n<h2 class=\"wp-block-heading\">LA PALABRA DE MELI\u00c1N<\/h2>\n\n\n\n<p>A su vez, el propio doble ol\u00edmpico se pronunci\u00f3 a trav\u00e9s de su cuenta oficial de Instagram, @melian1mpacto, con la siguiente publicaci\u00f3n:<\/p>\n\n\n\n<blockquote class=\"wp-block-quote is-layout-flow wp-block-quote-is-layout-flow\"><p>\u201cPrefiero prevenir mi salud. En el d\u00eda de ayer me descompens\u00e9 en mi \u00faltimo entrenamiento. Gracias a Dios tuve la asistencia de mi t\u00e9cnico hasta que lleg\u00f3 la ambulancia del SAME. Tuve una internaci\u00f3n inmediata en el Hospital Santojanni. Ah\u00ed me estabilizaron y me estuvieron en observaci\u00f3n hasta hoy a la ma\u00f1ana. El Impacto Meli\u00e1n va a estar alejado de los rings por un tiempo. Mi mayor respeto y mis disculpas para Sosa y su equipo\u201d.<\/p><\/blockquote>\n\n\n\n<h2 class=\"wp-block-heading\">SOSA VS. MELI\u00c1N: UNA PELEA MUY ESPERADA<\/h2>\n\n\n\n<p>Exist\u00eda mucha expectativa en torno al duelo. Es que el combate representa uno de los cruces m\u00e1s atractivos que pueden llevarse a cabo en el plano argentino. Meli\u00e1n (9-2, 5 KOs), como N\u00b0 1 del ranking nacional supergallo, desafi\u00f3 de su t\u00edtulo al invicto Sosa (11-0, 7 KOs), campe\u00f3n sudamericano y N\u00b0 2 del mismo escalaf\u00f3n.<\/p>\n\n\n\n<p>Con 25 a\u00f1os, Sosa llega en pleno ascenso. En el desaf\u00edo m\u00e1s importante de su carrera, buscar\u00e1 defender por segunda vez el t\u00edtulo que conquist\u00f3 el 18 de enero de 2020 cuando derrot\u00f3 a Ernesto Franzolini en fallo un\u00e1nime, y que viene de retener el pasado 20 de marzo sobre Ckari Cani Mansilla en decisi\u00f3n dividida.<\/p>\n\n\n\n<p>A Meli\u00e1n, seis a\u00f1os mayor, ol\u00edmpico en Londres 2012 y R\u00edo de Janeiro 2016, le sobran pergaminos. De notable experiencia amateur en la selecci\u00f3n argentina, ya como profesional fue campe\u00f3n argentino supergallo antes de realizar cinco combates en Estados Unidos, donde incluso obtuvo un cintur\u00f3n regional. De regreso en el pa\u00eds, el 12 de febrero se alz\u00f3 con la corona fedebol supergallo de la Asociaci\u00f3n Mundial de Boxeo (AMB) al noquear a Luis Molina en nueve rounds, y viene de protagonizar un combate hist\u00f3rico por su dramatismo el 27 de marzo cuando dobleg\u00f3 al dominicano Frency Fortunato en fallo un\u00e1nime y conquist\u00f3 el t\u00edtulo intercontinental pluma AMB, en un enfrentamiento que tuvo siete ca\u00eddas. Semejante victoria le signific\u00f3 ingresar al ranking mundial pluma AMB, en el puesto N\u00b0 15.<\/p>\n\n\n\n<p>Ahora, deber\u00e1 aguardarse para conocer el devenir de la reprogramaci\u00f3n de una de las peleas m\u00e1s importantes en territorio argentino,televisado en vivo por\u00a0<strong>Boxeo de Primera<\/strong>.\u00a0<\/p>\n\n\n\n<p>Fuente: <a href=\"https:\/\/www.tycsports.com\/boxeo-de-primera\/melian-no-podra-pelear-contra-sosa-manana-id353705.html\">TyC Sport<\/a><\/p>\n","protected":false},"excerpt":{"rendered":"<p>El doble ol\u00edmpico no se encuentra totalmente recuperado luego de haber sido hospitalizado producto de una baja de presi\u00f3n, y si bien evoluciona favorablemente no podr\u00e1 afrontar el el gran combate por el t\u00edtulo sudamericano supergallo, de este jueves en San Pedro, Buenos Aires, en vivo por TyC Sports y TyC Sports Play. El doble [&hellip;]<\/p>\n","protected":false},"author":4,"featured_media":94989,"comment_status":"open","ping_status":"closed","sticky":false,"template":"","format":"standard","meta":{"om_disable_all_campaigns":false,"_jetpack_memberships_contains_paid_content":false,"footnotes":""},"categories":[50,101,2],"tags":[],"class_list":["post-94988","post","type-post","status-publish","format-standard","has-post-thumbnail","hentry","category-destacadas","category-interes-general-locales","category-locales"],"aioseo_notices":[],"gutentor_comment":0,"jetpack_featured_media_url":"https:\/\/eldiariodesanpedro.com.ar\/sitio\/wp-content\/uploads\/2021\/06\/DSC_0094-scaled.jpg","jetpack_shortlink":"https:\/\/wp.me\/p6RhLt-oI4","jetpack_sharing_enabled":true,"_links":{"self":[{"href":"https:\/\/eldiariodesanpedro.com.ar\/sitio\/wp-json\/wp\/v2\/posts\/94988","targetHints":{"allow":["GET"]}}],"collection":[{"href":"https:\/\/eldiariodesanpedro.com.ar\/sitio\/wp-json\/wp\/v2\/posts"}],"about":[{"href":"https:\/\/eldiariodesanpedro.com.ar\/sitio\/wp-json\/wp\/v2\/types\/post"}],"author":[{"embeddable":true,"href":"https:\/\/eldiariodesanpedro.com.ar\/sitio\/wp-json\/wp\/v2\/users\/4"}],"replies":[{"embeddable":true,"href":"https:\/\/eldiariodesanpedro.com.ar\/sitio\/wp-json\/wp\/v2\/comments?post=94988"}],"version-history":[{"count":2,"href":"https:\/\/eldiariodesanpedro.com.ar\/sitio\/wp-json\/wp\/v2\/posts\/94988\/revisions"}],"predecessor-version":[{"id":94992,"href":"https:\/\/eldiariodesanpedro.com.ar\/sitio\/wp-json\/wp\/v2\/posts\/94988\/revisions\/94992"}],"wp:featuredmedia":[{"embeddable":true,"href":"https:\/\/eldiariodesanpedro.com.ar\/sitio\/wp-json\/wp\/v2\/media\/94989"}],"wp:attachment":[{"href":"https:\/\/eldiariodesanpedro.com.ar\/sitio\/wp-json\/wp\/v2\/media?parent=94988"}],"wp:term":[{"taxonomy":"category","embeddable":true,"href":"https:\/\/eldiariodesanpedro.com.ar\/sitio\/wp-json\/wp\/v2\/categories?post=94988"},{"taxonomy":"post_tag","embeddable":true,"href":"https:\/\/eldiariodesanpedro.com.ar\/sitio\/wp-json\/wp\/v2\/tags?post=94988"}],"curies":[{"name":"wp","href":"https:\/\/api.w.org\/{rel}","templated":true}]}}