{"id":94974,"date":"2021-06-30T13:12:10","date_gmt":"2021-06-30T16:12:10","guid":{"rendered":"https:\/\/eldiariodesanpedro.com.ar\/sitio\/?p=94974"},"modified":"2021-06-30T18:34:09","modified_gmt":"2021-06-30T21:34:09","slug":"un-inspector-se-descompuso-en-un-control-de-transito-y-tenia-covid","status":"publish","type":"post","link":"https:\/\/eldiariodesanpedro.com.ar\/sitio\/un-inspector-se-descompuso-en-un-control-de-transito-y-tenia-covid\/","title":{"rendered":"Un inspector se descompuso en un control de tr\u00e1nsito y ten\u00eda covid"},"content":{"rendered":"<!-- VideographyWP Plugin Message: Automatic video embedding prevented by plugin options. -->\n\n<p>Un trabajador municipal que controlaba el ingreso de camiones areneros se descompens\u00f3 y tras hisopado dio covid positivo.<\/p>\n\n\n\n<p>Un inspector municipal que se encontraba en el control de camiones ubicado en la casilla de Crucero General Belgrano y la calle Frers&nbsp;termin\u00f3 dando covid positivo luego de sufrir una descompensaci\u00f3n&nbsp;en el mismo lugar de trabajo.<\/p>\n\n\n\n<p>El trabajador se desmay\u00f3 y fue trasladado por una ambulancia a la guardia del Hospital \u00abRuffa\u00bb en donde fue hisopado por medio de un test r\u00e1pido en el consultorio rojo.<\/p>\n\n\n\n<p>El hombre de 42 a\u00f1os qued\u00f3 internado en el lugar mientras que debieron ser aislados solo sus compa\u00f1eros que lo asistieron en el momento de la descompensaci\u00f3n ya que el se encontraba solo en el desvi\u00f3 de camiones frente a club los andes.\u00a0\u00a0<\/p>\n\n\n\n<p>Fuente: <a href=\"https:\/\/www.sanpedroinforma.com.ar\/nota\/124278\/interes-general\/un-inspector-se-descompuso-en-un-control-de-transito-y-tenia-covid.html\">San Pedro Informa<\/a><\/p>\n","protected":false},"excerpt":{"rendered":"<p>Un trabajador municipal que controlaba el ingreso de camiones areneros se descompens\u00f3 y tras hisopado dio covid positivo. Un inspector municipal que se encontraba en el control de camiones ubicado en la casilla de Crucero General Belgrano y la calle Frers&nbsp;termin\u00f3 dando covid positivo luego de sufrir una descompensaci\u00f3n&nbsp;en el mismo lugar de trabajo. El [&hellip;]<\/p>\n","protected":false},"author":4,"featured_media":94975,"comment_status":"open","ping_status":"closed","sticky":false,"template":"","format":"standard","meta":{"om_disable_all_campaigns":false,"_jetpack_memberships_contains_paid_content":false,"footnotes":""},"categories":[50,101,2],"tags":[],"class_list":["post-94974","post","type-post","status-publish","format-standard","has-post-thumbnail","hentry","category-destacadas","category-interes-general-locales","category-locales"],"aioseo_notices":[],"gutentor_comment":0,"jetpack_featured_media_url":"https:\/\/eldiariodesanpedro.com.ar\/sitio\/wp-content\/uploads\/2021\/06\/000092218.jpg","jetpack_shortlink":"https:\/\/wp.me\/p6RhLt-oHQ","jetpack_sharing_enabled":true,"_links":{"self":[{"href":"https:\/\/eldiariodesanpedro.com.ar\/sitio\/wp-json\/wp\/v2\/posts\/94974","targetHints":{"allow":["GET"]}}],"collection":[{"href":"https:\/\/eldiariodesanpedro.com.ar\/sitio\/wp-json\/wp\/v2\/posts"}],"about":[{"href":"https:\/\/eldiariodesanpedro.com.ar\/sitio\/wp-json\/wp\/v2\/types\/post"}],"author":[{"embeddable":true,"href":"https:\/\/eldiariodesanpedro.com.ar\/sitio\/wp-json\/wp\/v2\/users\/4"}],"replies":[{"embeddable":true,"href":"https:\/\/eldiariodesanpedro.com.ar\/sitio\/wp-json\/wp\/v2\/comments?post=94974"}],"version-history":[{"count":2,"href":"https:\/\/eldiariodesanpedro.com.ar\/sitio\/wp-json\/wp\/v2\/posts\/94974\/revisions"}],"predecessor-version":[{"id":95002,"href":"https:\/\/eldiariodesanpedro.com.ar\/sitio\/wp-json\/wp\/v2\/posts\/94974\/revisions\/95002"}],"wp:featuredmedia":[{"embeddable":true,"href":"https:\/\/eldiariodesanpedro.com.ar\/sitio\/wp-json\/wp\/v2\/media\/94975"}],"wp:attachment":[{"href":"https:\/\/eldiariodesanpedro.com.ar\/sitio\/wp-json\/wp\/v2\/media?parent=94974"}],"wp:term":[{"taxonomy":"category","embeddable":true,"href":"https:\/\/eldiariodesanpedro.com.ar\/sitio\/wp-json\/wp\/v2\/categories?post=94974"},{"taxonomy":"post_tag","embeddable":true,"href":"https:\/\/eldiariodesanpedro.com.ar\/sitio\/wp-json\/wp\/v2\/tags?post=94974"}],"curies":[{"name":"wp","href":"https:\/\/api.w.org\/{rel}","templated":true}]}}