{"id":94969,"date":"2021-06-30T13:01:00","date_gmt":"2021-06-30T16:01:00","guid":{"rendered":"https:\/\/eldiariodesanpedro.com.ar\/sitio\/?p=94969"},"modified":"2021-06-30T13:01:05","modified_gmt":"2021-06-30T16:01:05","slug":"coronavirus-los-indices-muestran-un-muy-leve-aumento-de-casos-con-respecto-a-semanas-anteriores","status":"publish","type":"post","link":"https:\/\/eldiariodesanpedro.com.ar\/sitio\/coronavirus-los-indices-muestran-un-muy-leve-aumento-de-casos-con-respecto-a-semanas-anteriores\/","title":{"rendered":"Coronavirus: Los \u00edndices muestran un muy leve aumento de casos con respecto a semanas anteriores"},"content":{"rendered":"<!-- VideographyWP Plugin Message: Automatic video embedding prevented by plugin options. -->\n\n<p>Luego del fin de semana largo donde se celebro el d\u00eda del padre comenz\u00f3 a verse en los n\u00fameros un leve aumento en la cantidad de casos.<\/p>\n\n\n\n<p>Seg\u00fan informo este mi\u00e9rcoles la Secretaria de Salud se pudo ver en los n\u00fameros de esta ultima semana con respecto a Covid-19 que huno un peque\u00f1o aumento en los indicadores y en la provincia de buenos aires preocupa que sea en toda la regi\u00f3n igual luego de las aperturas de casi toda las actividades y sobre todo las reuniones ocurridas el pasado d\u00eda del padre. <\/p>\n\n\n\n<p>Por el momento nuestra ciudad permanece con el \u00edndice RO por debajo de lo necesario para no retroceder de fase, pero se inform\u00f3 que si se dispara los casos la provincia podr\u00eda tomar la determinaci\u00f3n de volver a cerrar actividades, sobre todo teniendo en cuenta las nuevas cepas que se encuentran en nuestra regi\u00f3n.<\/p>\n\n\n\n<p>Afortunadamente las camas de internaci\u00f3n tanto de covid y terapia intensiva se encuentra en un descenso considerable y dando un respiro al sistema de salud.<\/p>\n\n\n\n<figure class=\"wp-block-image size-large\"><img decoding=\"async\" width=\"1024\" height=\"533\" data-attachment-id=\"94972\" data-permalink=\"https:\/\/eldiariodesanpedro.com.ar\/sitio\/coronavirus-los-indices-muestran-un-muy-leve-aumento-de-casos-con-respecto-a-semanas-anteriores\/whatsapp-image-2021-06-30-at-09-59-25\/\" data-orig-file=\"https:\/\/eldiariodesanpedro.com.ar\/sitio\/wp-content\/uploads\/2021\/06\/WhatsApp-Image-2021-06-30-at-09.59.25.jpeg\" data-orig-size=\"1060,552\" data-comments-opened=\"1\" data-image-meta=\"{&quot;aperture&quot;:&quot;0&quot;,&quot;credit&quot;:&quot;&quot;,&quot;camera&quot;:&quot;&quot;,&quot;caption&quot;:&quot;&quot;,&quot;created_timestamp&quot;:&quot;0&quot;,&quot;copyright&quot;:&quot;&quot;,&quot;focal_length&quot;:&quot;0&quot;,&quot;iso&quot;:&quot;0&quot;,&quot;shutter_speed&quot;:&quot;0&quot;,&quot;title&quot;:&quot;&quot;,&quot;orientation&quot;:&quot;0&quot;}\" data-image-title=\"WhatsApp Image 2021-06-30 at 09.59.25\" data-image-description=\"\" data-image-caption=\"\" data-large-file=\"https:\/\/eldiariodesanpedro.com.ar\/sitio\/wp-content\/uploads\/2021\/06\/WhatsApp-Image-2021-06-30-at-09.59.25-1024x533.jpeg\" data-src=\"https:\/\/eldiariodesanpedro.com.ar\/sitio\/wp-content\/uploads\/2021\/06\/WhatsApp-Image-2021-06-30-at-09.59.25-1024x533.jpeg\" alt=\"\" class=\"wp-image-94972 lazyload\" data-srcset=\"https:\/\/eldiariodesanpedro.com.ar\/sitio\/wp-content\/uploads\/2021\/06\/WhatsApp-Image-2021-06-30-at-09.59.25-1024x533.jpeg 1024w, https:\/\/eldiariodesanpedro.com.ar\/sitio\/wp-content\/uploads\/2021\/06\/WhatsApp-Image-2021-06-30-at-09.59.25-300x156.jpeg 300w, https:\/\/eldiariodesanpedro.com.ar\/sitio\/wp-content\/uploads\/2021\/06\/WhatsApp-Image-2021-06-30-at-09.59.25-768x400.jpeg 768w, https:\/\/eldiariodesanpedro.com.ar\/sitio\/wp-content\/uploads\/2021\/06\/WhatsApp-Image-2021-06-30-at-09.59.25.jpeg 1060w\" data-sizes=\"(max-width: 1024px) 100vw, 1024px\" src=\"data:image\/svg+xml;base64,PHN2ZyB3aWR0aD0iMSIgaGVpZ2h0PSIxIiB4bWxucz0iaHR0cDovL3d3dy53My5vcmcvMjAwMC9zdmciPjwvc3ZnPg==\" style=\"--smush-placeholder-width: 1024px; --smush-placeholder-aspect-ratio: 1024\/533;\" \/><\/figure>\n\n\n\n<figure class=\"wp-block-image size-large\"><img decoding=\"async\" width=\"1024\" height=\"591\" data-attachment-id=\"94970\" data-permalink=\"https:\/\/eldiariodesanpedro.com.ar\/sitio\/coronavirus-los-indices-muestran-un-muy-leve-aumento-de-casos-con-respecto-a-semanas-anteriores\/whatsapp-image-2021-06-30-at-09-59-24\/\" data-orig-file=\"https:\/\/eldiariodesanpedro.com.ar\/sitio\/wp-content\/uploads\/2021\/06\/WhatsApp-Image-2021-06-30-at-09.59.24.jpeg\" data-orig-size=\"1089,629\" data-comments-opened=\"1\" data-image-meta=\"{&quot;aperture&quot;:&quot;0&quot;,&quot;credit&quot;:&quot;&quot;,&quot;camera&quot;:&quot;&quot;,&quot;caption&quot;:&quot;&quot;,&quot;created_timestamp&quot;:&quot;0&quot;,&quot;copyright&quot;:&quot;&quot;,&quot;focal_length&quot;:&quot;0&quot;,&quot;iso&quot;:&quot;0&quot;,&quot;shutter_speed&quot;:&quot;0&quot;,&quot;title&quot;:&quot;&quot;,&quot;orientation&quot;:&quot;0&quot;}\" data-image-title=\"WhatsApp Image 2021-06-30 at 09.59.24\" data-image-description=\"\" data-image-caption=\"\" data-large-file=\"https:\/\/eldiariodesanpedro.com.ar\/sitio\/wp-content\/uploads\/2021\/06\/WhatsApp-Image-2021-06-30-at-09.59.24-1024x591.jpeg\" data-src=\"https:\/\/eldiariodesanpedro.com.ar\/sitio\/wp-content\/uploads\/2021\/06\/WhatsApp-Image-2021-06-30-at-09.59.24-1024x591.jpeg\" alt=\"\" class=\"wp-image-94970 lazyload\" data-srcset=\"https:\/\/eldiariodesanpedro.com.ar\/sitio\/wp-content\/uploads\/2021\/06\/WhatsApp-Image-2021-06-30-at-09.59.24-1024x591.jpeg 1024w, https:\/\/eldiariodesanpedro.com.ar\/sitio\/wp-content\/uploads\/2021\/06\/WhatsApp-Image-2021-06-30-at-09.59.24-300x173.jpeg 300w, https:\/\/eldiariodesanpedro.com.ar\/sitio\/wp-content\/uploads\/2021\/06\/WhatsApp-Image-2021-06-30-at-09.59.24-768x444.jpeg 768w, https:\/\/eldiariodesanpedro.com.ar\/sitio\/wp-content\/uploads\/2021\/06\/WhatsApp-Image-2021-06-30-at-09.59.24.jpeg 1089w\" data-sizes=\"(max-width: 1024px) 100vw, 1024px\" src=\"data:image\/svg+xml;base64,PHN2ZyB3aWR0aD0iMSIgaGVpZ2h0PSIxIiB4bWxucz0iaHR0cDovL3d3dy53My5vcmcvMjAwMC9zdmciPjwvc3ZnPg==\" style=\"--smush-placeholder-width: 1024px; --smush-placeholder-aspect-ratio: 1024\/591;\" \/><\/figure>\n","protected":false},"excerpt":{"rendered":"<p>Luego del fin de semana largo donde se celebro el d\u00eda del padre comenz\u00f3 a verse en los n\u00fameros un leve aumento en la cantidad de casos. Seg\u00fan informo este mi\u00e9rcoles la Secretaria de Salud se pudo ver en los n\u00fameros de esta ultima semana con respecto a Covid-19 que huno un peque\u00f1o aumento en [&hellip;]<\/p>\n","protected":false},"author":4,"featured_media":94971,"comment_status":"open","ping_status":"closed","sticky":false,"template":"","format":"standard","meta":{"om_disable_all_campaigns":false,"_jetpack_memberships_contains_paid_content":false,"footnotes":""},"categories":[101,2],"tags":[],"class_list":["post-94969","post","type-post","status-publish","format-standard","has-post-thumbnail","hentry","category-interes-general-locales","category-locales"],"aioseo_notices":[],"gutentor_comment":0,"jetpack_featured_media_url":"https:\/\/eldiariodesanpedro.com.ar\/sitio\/wp-content\/uploads\/2021\/06\/WhatsApp-Image-2021-06-30-at-09.59.25-1.jpeg","jetpack_shortlink":"https:\/\/wp.me\/p6RhLt-oHL","jetpack_sharing_enabled":true,"_links":{"self":[{"href":"https:\/\/eldiariodesanpedro.com.ar\/sitio\/wp-json\/wp\/v2\/posts\/94969","targetHints":{"allow":["GET"]}}],"collection":[{"href":"https:\/\/eldiariodesanpedro.com.ar\/sitio\/wp-json\/wp\/v2\/posts"}],"about":[{"href":"https:\/\/eldiariodesanpedro.com.ar\/sitio\/wp-json\/wp\/v2\/types\/post"}],"author":[{"embeddable":true,"href":"https:\/\/eldiariodesanpedro.com.ar\/sitio\/wp-json\/wp\/v2\/users\/4"}],"replies":[{"embeddable":true,"href":"https:\/\/eldiariodesanpedro.com.ar\/sitio\/wp-json\/wp\/v2\/comments?post=94969"}],"version-history":[{"count":1,"href":"https:\/\/eldiariodesanpedro.com.ar\/sitio\/wp-json\/wp\/v2\/posts\/94969\/revisions"}],"predecessor-version":[{"id":94973,"href":"https:\/\/eldiariodesanpedro.com.ar\/sitio\/wp-json\/wp\/v2\/posts\/94969\/revisions\/94973"}],"wp:featuredmedia":[{"embeddable":true,"href":"https:\/\/eldiariodesanpedro.com.ar\/sitio\/wp-json\/wp\/v2\/media\/94971"}],"wp:attachment":[{"href":"https:\/\/eldiariodesanpedro.com.ar\/sitio\/wp-json\/wp\/v2\/media?parent=94969"}],"wp:term":[{"taxonomy":"category","embeddable":true,"href":"https:\/\/eldiariodesanpedro.com.ar\/sitio\/wp-json\/wp\/v2\/categories?post=94969"},{"taxonomy":"post_tag","embeddable":true,"href":"https:\/\/eldiariodesanpedro.com.ar\/sitio\/wp-json\/wp\/v2\/tags?post=94969"}],"curies":[{"name":"wp","href":"https:\/\/api.w.org\/{rel}","templated":true}]}}