{"id":94965,"date":"2021-06-30T12:41:50","date_gmt":"2021-06-30T15:41:50","guid":{"rendered":"https:\/\/eldiariodesanpedro.com.ar\/sitio\/?p=94965"},"modified":"2021-06-30T12:41:55","modified_gmt":"2021-06-30T15:41:55","slug":"coronavirus-se-recibieron-este-miercoles-42-positivos-y-92-negativos-leve-aumento-en-activos-132","status":"publish","type":"post","link":"https:\/\/eldiariodesanpedro.com.ar\/sitio\/coronavirus-se-recibieron-este-miercoles-42-positivos-y-92-negativos-leve-aumento-en-activos-132\/","title":{"rendered":"Coronavirus: se recibieron este mi\u00e9rcoles 42 positivos y 92 negativos, leve aumento en activos 132"},"content":{"rendered":"<!-- VideographyWP Plugin Message: Automatic video embedding prevented by plugin options. -->\n\n<p>La Secretar\u00eda de Salud de la Municipalidad de San Pedro brinda el informe que acompa\u00f1a la placa del d\u00eda de la fecha, en el seguimiento de la Pandemia de Covid-19.<\/p>\n\n\n\n<p>Se recibieron del Laboratorio Central Lab los resultados de los \u00faltimos env\u00edos de muestras con 8 positivos, y se confirmaron 34 casos positivos, a trav\u00e9s de los testeos r\u00e1pidos que se realizan en el Laboratorio del Hospital, totalizando 42 nuevos casos positivos.<\/p>\n\n\n\n<p>Sobre el resto de las muestras recibidas, el Laboratorio Central Lab inform\u00f3 38 resultados negativos. Desde el Laboratorio del Hospital, se informaron 54 testeos r\u00e1pidos negativos que totaliza 92 resultados negativos.<\/p>\n\n\n\n<p>Los positivos est\u00e1n divididos en:<\/p>\n\n\n\n<ul class=\"wp-block-list\"><li>Central Lab: Mujeres de 9, 23, 24, 33, 49 y 56 a\u00f1os; y hombres de 12 y 46 a\u00f1os.<\/li><li>Laboratorio del Hospital:<\/li><li>14 mujeres de 19, 20, 24, 26(2), 29(2), 37, 39, 41, 49, 56 y 57(2) a\u00f1os.<\/li><li>20 hombres de 10, 22, 24(2), 25(3), 28, 29, 30(2), 31, 32(2), 41, 44, 47, 60, 64 y 70 a\u00f1os.<\/li><li>Se enviaron 18 nuevas muestras, que se encuentran pendientes. Cuando se reciban los resultados ser\u00e1n comunicados.<\/li><li>Se incorporan a la estad\u00edstica oficial 7 altas.<\/li><\/ul>\n\n\n\n<p>Resumen actualizado de informaci\u00f3n oficial<br>Positivos desde el inicio de la Pandemia: 5069<br>Activos: 132<br>Recuperados: 4733<br>Fallecidos: 204<br>Negativos desde el inicio de la Pandemia: 7437<\/p>\n\n\n\n<p>Los datos consignados en este informe corresponden a casos analizados a trav\u00e9s hisopados realizados en los \u00abconsultorios amarillos\u00bb analizados por el Laboratorio Central Lab y testeos r\u00e1pidos efectuados en el Laboratorio del Hospital.<\/p>\n\n\n\n<p>&#x1f449; Usar tapabocas.<br>&#x1f449; Mantener la distancia m\u00ednima de 2 metros.<br>&#x1f449; Extremar la higiene de los espacios.<br>&#x1f449; Mantener las manos limpias.<\/p>\n\n\n\n<p>Se recuerda que, ante s\u00edntomas de tos seca, fiebre y dolor de garganta se puede llamar al 148 o 107<\/p>\n","protected":false},"excerpt":{"rendered":"<p>La Secretar\u00eda de Salud de la Municipalidad de San Pedro brinda el informe que acompa\u00f1a la placa del d\u00eda de la fecha, en el seguimiento de la Pandemia de Covid-19. Se recibieron del Laboratorio Central Lab los resultados de los \u00faltimos env\u00edos de muestras con 8 positivos, y se confirmaron 34 casos positivos, a trav\u00e9s [&hellip;]<\/p>\n","protected":false},"author":4,"featured_media":77072,"comment_status":"open","ping_status":"closed","sticky":false,"template":"","format":"standard","meta":{"om_disable_all_campaigns":false,"_jetpack_memberships_contains_paid_content":false,"footnotes":""},"categories":[50,101,2],"tags":[],"class_list":["post-94965","post","type-post","status-publish","format-standard","has-post-thumbnail","hentry","category-destacadas","category-interes-general-locales","category-locales"],"aioseo_notices":[],"gutentor_comment":0,"jetpack_featured_media_url":"https:\/\/eldiariodesanpedro.com.ar\/sitio\/wp-content\/uploads\/2020\/07\/test-de-covid-19_1.jpg","jetpack_shortlink":"https:\/\/wp.me\/p6RhLt-oHH","jetpack_sharing_enabled":true,"_links":{"self":[{"href":"https:\/\/eldiariodesanpedro.com.ar\/sitio\/wp-json\/wp\/v2\/posts\/94965","targetHints":{"allow":["GET"]}}],"collection":[{"href":"https:\/\/eldiariodesanpedro.com.ar\/sitio\/wp-json\/wp\/v2\/posts"}],"about":[{"href":"https:\/\/eldiariodesanpedro.com.ar\/sitio\/wp-json\/wp\/v2\/types\/post"}],"author":[{"embeddable":true,"href":"https:\/\/eldiariodesanpedro.com.ar\/sitio\/wp-json\/wp\/v2\/users\/4"}],"replies":[{"embeddable":true,"href":"https:\/\/eldiariodesanpedro.com.ar\/sitio\/wp-json\/wp\/v2\/comments?post=94965"}],"version-history":[{"count":1,"href":"https:\/\/eldiariodesanpedro.com.ar\/sitio\/wp-json\/wp\/v2\/posts\/94965\/revisions"}],"predecessor-version":[{"id":94966,"href":"https:\/\/eldiariodesanpedro.com.ar\/sitio\/wp-json\/wp\/v2\/posts\/94965\/revisions\/94966"}],"wp:featuredmedia":[{"embeddable":true,"href":"https:\/\/eldiariodesanpedro.com.ar\/sitio\/wp-json\/wp\/v2\/media\/77072"}],"wp:attachment":[{"href":"https:\/\/eldiariodesanpedro.com.ar\/sitio\/wp-json\/wp\/v2\/media?parent=94965"}],"wp:term":[{"taxonomy":"category","embeddable":true,"href":"https:\/\/eldiariodesanpedro.com.ar\/sitio\/wp-json\/wp\/v2\/categories?post=94965"},{"taxonomy":"post_tag","embeddable":true,"href":"https:\/\/eldiariodesanpedro.com.ar\/sitio\/wp-json\/wp\/v2\/tags?post=94965"}],"curies":[{"name":"wp","href":"https:\/\/api.w.org\/{rel}","templated":true}]}}