{"id":94963,"date":"2021-06-30T12:38:47","date_gmt":"2021-06-30T15:38:47","guid":{"rendered":"https:\/\/eldiariodesanpedro.com.ar\/sitio\/?p=94963"},"modified":"2021-06-30T12:38:52","modified_gmt":"2021-06-30T15:38:52","slug":"un-menor-trato-de-agredir-a-los-efectivos-policiales-que-lo-identificaban","status":"publish","type":"post","link":"https:\/\/eldiariodesanpedro.com.ar\/sitio\/un-menor-trato-de-agredir-a-los-efectivos-policiales-que-lo-identificaban\/","title":{"rendered":"Un menor trato de agredir a los efectivos policiales que lo identificaban"},"content":{"rendered":"<!-- VideographyWP Plugin Message: Automatic video embedding prevented by plugin options. -->\n\n<p>Alrededor de las 00 horas de esta madrugada el personal policial tras ser alertado acude a calle Petrona Simonino y Sargento Selada por conflicto vecinal, donde aprehende a un joven de 17 a\u00f1os de edad, quien al momento de ser identificado intenta agredir a los efectivos, arrojando golpes de pu\u00f1o no logrando impactar ninguno.&nbsp;<\/p>\n\n\n\n<p>Interviene Fiscal\u00eda juvenil San Nicol\u00e1s quien dispone se notifique al joven de la formaci\u00f3n de causa y posterior entrega progenitora.-<\/p>\n","protected":false},"excerpt":{"rendered":"<p>Alrededor de las 00 horas de esta madrugada el personal policial tras ser alertado acude a calle Petrona Simonino y Sargento Selada por conflicto vecinal, donde aprehende a un joven de 17 a\u00f1os de edad, quien al momento de ser identificado intenta agredir a los efectivos, arrojando golpes de pu\u00f1o no logrando impactar ninguno.&nbsp; Interviene [&hellip;]<\/p>\n","protected":false},"author":4,"featured_media":68206,"comment_status":"open","ping_status":"closed","sticky":false,"template":"","format":"standard","meta":{"om_disable_all_campaigns":false,"_jetpack_memberships_contains_paid_content":false,"footnotes":""},"categories":[2,103],"tags":[],"class_list":["post-94963","post","type-post","status-publish","format-standard","has-post-thumbnail","hentry","category-locales","category-policiales-locales"],"aioseo_notices":[],"gutentor_comment":0,"jetpack_featured_media_url":"https:\/\/eldiariodesanpedro.com.ar\/sitio\/wp-content\/uploads\/2020\/02\/SUJETOS-DETENIDOS.jpg","jetpack_shortlink":"https:\/\/wp.me\/p6RhLt-oHF","jetpack_sharing_enabled":true,"_links":{"self":[{"href":"https:\/\/eldiariodesanpedro.com.ar\/sitio\/wp-json\/wp\/v2\/posts\/94963","targetHints":{"allow":["GET"]}}],"collection":[{"href":"https:\/\/eldiariodesanpedro.com.ar\/sitio\/wp-json\/wp\/v2\/posts"}],"about":[{"href":"https:\/\/eldiariodesanpedro.com.ar\/sitio\/wp-json\/wp\/v2\/types\/post"}],"author":[{"embeddable":true,"href":"https:\/\/eldiariodesanpedro.com.ar\/sitio\/wp-json\/wp\/v2\/users\/4"}],"replies":[{"embeddable":true,"href":"https:\/\/eldiariodesanpedro.com.ar\/sitio\/wp-json\/wp\/v2\/comments?post=94963"}],"version-history":[{"count":1,"href":"https:\/\/eldiariodesanpedro.com.ar\/sitio\/wp-json\/wp\/v2\/posts\/94963\/revisions"}],"predecessor-version":[{"id":94964,"href":"https:\/\/eldiariodesanpedro.com.ar\/sitio\/wp-json\/wp\/v2\/posts\/94963\/revisions\/94964"}],"wp:featuredmedia":[{"embeddable":true,"href":"https:\/\/eldiariodesanpedro.com.ar\/sitio\/wp-json\/wp\/v2\/media\/68206"}],"wp:attachment":[{"href":"https:\/\/eldiariodesanpedro.com.ar\/sitio\/wp-json\/wp\/v2\/media?parent=94963"}],"wp:term":[{"taxonomy":"category","embeddable":true,"href":"https:\/\/eldiariodesanpedro.com.ar\/sitio\/wp-json\/wp\/v2\/categories?post=94963"},{"taxonomy":"post_tag","embeddable":true,"href":"https:\/\/eldiariodesanpedro.com.ar\/sitio\/wp-json\/wp\/v2\/tags?post=94963"}],"curies":[{"name":"wp","href":"https:\/\/api.w.org\/{rel}","templated":true}]}}