{"id":94958,"date":"2021-06-30T09:45:37","date_gmt":"2021-06-30T12:45:37","guid":{"rendered":"https:\/\/eldiariodesanpedro.com.ar\/sitio\/?p=94958"},"modified":"2021-06-30T09:45:43","modified_gmt":"2021-06-30T12:45:43","slug":"anses-informa-el-calendario-de-pagos-para-hoy-miercoles-y-para-todo-el-mes-de-julio","status":"publish","type":"post","link":"https:\/\/eldiariodesanpedro.com.ar\/sitio\/anses-informa-el-calendario-de-pagos-para-hoy-miercoles-y-para-todo-el-mes-de-julio\/","title":{"rendered":"Anses informa el calendario de pagos para hoy mi\u00e9rcoles y para todo el mes de Julio"},"content":{"rendered":"<!-- VideographyWP Plugin Message: Automatic video embedding prevented by plugin options. -->\n\n<p><strong>CALENDARIO DE PAGO DE HOY MI\u00c9RCOLES 30 DE JUNIO<\/strong><\/p>\n\n\n\n<p><strong>El organismo, a cargo de la Lic. Fernanda Raverta, informa que hoy se abona el pago a las y los beneficiarios del Programa de&nbsp;<\/strong><strong>Recuperaci\u00f3n Productiva II<\/strong><strong>&nbsp;(REPRO II) de la AFIP<\/strong>, para dar alivio econ\u00f3mico a las compa\u00f1\u00edas y al personal afectado por la ca\u00edda de la actividad debido al Covid-19.<\/p>\n\n\n\n<p><strong>CALENDARIO DE PAGOS DE JULIO<\/strong><\/p>\n\n\n\n<p><strong>Adem\u00e1s, la ANSES informa el calendario de pagos del mes de&nbsp;<\/strong><strong>julio<\/strong><strong>&nbsp;para jubilados, jubiladas, pensionados y pensionadas, Pensiones No Contributivas, titulares de la Asignaci\u00f3n Universal por Hijo y la Asignaci\u00f3n por Embarazo, Asignaciones Familiares y de Pago \u00danico (Matrimonio, Nacimiento y Adopci\u00f3n) y Prestaci\u00f3n por Desempleo.<\/strong><\/p>\n\n\n\n<figure class=\"wp-block-image\"><img decoding=\"async\" src=\"https:\/\/mail.google.com\/mail\/u\/3?ui=2&amp;ik=d370923452&amp;attid=0.0.1&amp;permmsgid=msg-f:1703987479786836311&amp;th=17a5c795b2685157&amp;view=fimg&amp;sz=s0-l75-ft&amp;attbid=ANGjdJ_sm-NLtA5Ihqen3KD_rjX1nS6hLCQp0kG6fRYGUN9u4kG9Rg5zPRlTzg7c-kknTZHgz9cpocAPyzFxOpFOtsk8H3czjbWqwLwykCD5r4UVpKf-wWt2Fio4MzM&amp;disp=emb\" alt=\"CALENDARIO DE PAGO JULIO_Jubilados y Pensionados_NoSuperan\"\/><\/figure>\n\n\n\n<figure class=\"wp-block-image\"><img decoding=\"async\" src=\"https:\/\/mail.google.com\/mail\/u\/3?ui=2&amp;ik=d370923452&amp;attid=0.0.2&amp;permmsgid=msg-f:1703987479786836311&amp;th=17a5c795b2685157&amp;view=fimg&amp;sz=s0-l75-ft&amp;attbid=ANGjdJ9FxxpplobsMSAwexR3gm6jZ0ZaV6m3vQOBr7SCUtQuIvWAuAxLTR5yypHNL2xLNWBq3ooAa6viAbtYLPDo653XhiTwbIAMRnEFG4HMpXBJwTBZBcY6k6v04YE&amp;disp=emb\" alt=\"CALENDARIO DE PAGO JULIO_Jubilados y Pensionados_Superan\"\/><\/figure>\n\n\n\n<figure class=\"wp-block-image\"><img decoding=\"async\" src=\"https:\/\/mail.google.com\/mail\/u\/3?ui=2&amp;ik=d370923452&amp;attid=0.0.3&amp;permmsgid=msg-f:1703987479786836311&amp;th=17a5c795b2685157&amp;view=fimg&amp;sz=s0-l75-ft&amp;attbid=ANGjdJ_-ALSmD8uwlDlH_A3l5DlLq5UjAggsMriNC30Wo2lwpdpw1WZZ_H6IvFKBQPmjxzq4O8vP3YjfFChmshI2lWpmLxdLVTseVnUH_bBY0I6uQlaMTexL6F-tD9s&amp;disp=emb\" alt=\"CALENDARIO DE PAGO JULIO_AUH y Asignaci\u00f3n Familiar\"\/><\/figure>\n\n\n\n<figure class=\"wp-block-image\"><img decoding=\"async\" src=\"https:\/\/mail.google.com\/mail\/u\/3?ui=2&amp;ik=d370923452&amp;attid=0.0.4&amp;permmsgid=msg-f:1703987479786836311&amp;th=17a5c795b2685157&amp;view=fimg&amp;sz=s0-l75-ft&amp;attbid=ANGjdJ96UEpY6BwPjfkEhmJrsa6Fl-tPafvEmyAV6ApoHN3dfym8H7_0b0IWBD9cv2xDqxH_ewsbqILOGG7kCugyBPP48-zD05QJ2GxFhkOVYRFOhw0Kohig9h_Yzpo&amp;disp=emb\" alt=\"CALENDARIO DE PAGO JULIO_Asignaci\u00f3n por Embarazo\"\/><\/figure>\n\n\n\n<figure class=\"wp-block-image\"><img decoding=\"async\" src=\"https:\/\/mail.google.com\/mail\/u\/3?ui=2&amp;ik=d370923452&amp;attid=0.0.5&amp;permmsgid=msg-f:1703987479786836311&amp;th=17a5c795b2685157&amp;view=fimg&amp;sz=s0-l75-ft&amp;attbid=ANGjdJ8zT_k59mfNXHVwm-OCQU_I-DxIbluIWa3L8HNoBlx4S0qgVy8tTvz0Q0JuD8lwYeEXdZTF6OqfoK4QNeO8ji9pDW9qjBBQBC_QtXbl8JgLHRTLAGC6qwilyNU&amp;disp=emb\" alt=\"CALENDARIO DE PAGO JULIO_Prenatal y Maternidad\"\/><\/figure>\n\n\n\n<figure class=\"wp-block-image\"><img decoding=\"async\" src=\"https:\/\/mail.google.com\/mail\/u\/3?ui=2&amp;ik=d370923452&amp;attid=0.0.6&amp;permmsgid=msg-f:1703987479786836311&amp;th=17a5c795b2685157&amp;view=fimg&amp;sz=s0-l75-ft&amp;attbid=ANGjdJ-6zwO3tOj83V9HI-S8OKV0TKPClVM-pBsOzSwJZbNCk7oMs2GdHIJn_XYfYNSt3iAISlEutyMRBFMEtvIV_8XjIXJ1Tw8m-ooadpext2iGt5YEA5tvK4w8Ziw&amp;disp=emb\" alt=\"CALENDARIO DE PAGO JULIO_Asignaciojnes  Pago Unico\"\/><\/figure>\n\n\n\n<figure class=\"wp-block-image\"><img decoding=\"async\" src=\"https:\/\/mail.google.com\/mail\/u\/3?ui=2&amp;ik=d370923452&amp;attid=0.0.7&amp;permmsgid=msg-f:1703987479786836311&amp;th=17a5c795b2685157&amp;view=fimg&amp;sz=s0-l75-ft&amp;attbid=ANGjdJ8KbGnFMQxEjSgpR5gdosn2sJ8iqRTSppmWiH8MAerpviGHZKqwQvPs8f6j_3QXoZtUv6VZphNkhWXFJAPvr_NVeVVx0oRcqYhzCvsSW00-akj_FgJ05KeL4vw&amp;disp=emb\" alt=\"CALENDARIO DE PAGO JULIO_PNC\"\/><\/figure>\n\n\n\n<figure class=\"wp-block-image\"><img decoding=\"async\" src=\"https:\/\/mail.google.com\/mail\/u\/3?ui=2&amp;ik=d370923452&amp;attid=0.0.8&amp;permmsgid=msg-f:1703987479786836311&amp;th=17a5c795b2685157&amp;view=fimg&amp;sz=s0-l75-ft&amp;attbid=ANGjdJ8Hu1GEJkPH1B3Gt3hBz1uIndzg4zp6qEH0Os2Qm-rf56LO4R08qRIpOq4JO5HRD7JJnH6CG3ALTP0L9UgkjwYdXTqfc-03kLaxrFRwueZzEPfkKx8JBeAHDOU&amp;disp=emb\" alt=\"CALENDARIO DE PAGO JULIO_Asignaciones Familiares de PNC\"\/><\/figure>\n\n\n\n<figure class=\"wp-block-image\"><img decoding=\"async\" src=\"https:\/\/mail.google.com\/mail\/u\/3?ui=2&amp;ik=d370923452&amp;attid=0.0.9&amp;permmsgid=msg-f:1703987479786836311&amp;th=17a5c795b2685157&amp;view=fimg&amp;sz=s0-l75-ft&amp;attbid=ANGjdJ_2J-vnn-ZtUkmc5zBc8163GM-qPF7BGscPmnG3YPTOpZFjdZhiAH4Dwf-jEcNLIutfrDQCprnr_6fBrR7GeQuOIVCj3iDhAoKW6DhlClcgbVeOjfbxdfiu4tU&amp;disp=emb\" alt=\"CALENDARIO DE PAGO JULIO_Desempleo\"\/><\/figure>\n","protected":false},"excerpt":{"rendered":"<p>CALENDARIO DE PAGO DE HOY MI\u00c9RCOLES 30 DE JUNIO El organismo, a cargo de la Lic. Fernanda Raverta, informa que hoy se abona el pago a las y los beneficiarios del Programa de&nbsp;Recuperaci\u00f3n Productiva II&nbsp;(REPRO II) de la AFIP, para dar alivio econ\u00f3mico a las compa\u00f1\u00edas y al personal afectado por la ca\u00edda de la [&hellip;]<\/p>\n","protected":false},"author":4,"featured_media":70785,"comment_status":"open","ping_status":"closed","sticky":false,"template":"","format":"standard","meta":{"om_disable_all_campaigns":false,"_jetpack_memberships_contains_paid_content":false,"footnotes":""},"categories":[101,2],"tags":[],"class_list":["post-94958","post","type-post","status-publish","format-standard","has-post-thumbnail","hentry","category-interes-general-locales","category-locales"],"aioseo_notices":[],"gutentor_comment":0,"jetpack_featured_media_url":"https:\/\/eldiariodesanpedro.com.ar\/sitio\/wp-content\/uploads\/2020\/03\/anses-nuevo-640x480-1.png","jetpack_shortlink":"https:\/\/wp.me\/p6RhLt-oHA","jetpack_sharing_enabled":true,"_links":{"self":[{"href":"https:\/\/eldiariodesanpedro.com.ar\/sitio\/wp-json\/wp\/v2\/posts\/94958","targetHints":{"allow":["GET"]}}],"collection":[{"href":"https:\/\/eldiariodesanpedro.com.ar\/sitio\/wp-json\/wp\/v2\/posts"}],"about":[{"href":"https:\/\/eldiariodesanpedro.com.ar\/sitio\/wp-json\/wp\/v2\/types\/post"}],"author":[{"embeddable":true,"href":"https:\/\/eldiariodesanpedro.com.ar\/sitio\/wp-json\/wp\/v2\/users\/4"}],"replies":[{"embeddable":true,"href":"https:\/\/eldiariodesanpedro.com.ar\/sitio\/wp-json\/wp\/v2\/comments?post=94958"}],"version-history":[{"count":1,"href":"https:\/\/eldiariodesanpedro.com.ar\/sitio\/wp-json\/wp\/v2\/posts\/94958\/revisions"}],"predecessor-version":[{"id":94959,"href":"https:\/\/eldiariodesanpedro.com.ar\/sitio\/wp-json\/wp\/v2\/posts\/94958\/revisions\/94959"}],"wp:featuredmedia":[{"embeddable":true,"href":"https:\/\/eldiariodesanpedro.com.ar\/sitio\/wp-json\/wp\/v2\/media\/70785"}],"wp:attachment":[{"href":"https:\/\/eldiariodesanpedro.com.ar\/sitio\/wp-json\/wp\/v2\/media?parent=94958"}],"wp:term":[{"taxonomy":"category","embeddable":true,"href":"https:\/\/eldiariodesanpedro.com.ar\/sitio\/wp-json\/wp\/v2\/categories?post=94958"},{"taxonomy":"post_tag","embeddable":true,"href":"https:\/\/eldiariodesanpedro.com.ar\/sitio\/wp-json\/wp\/v2\/tags?post=94958"}],"curies":[{"name":"wp","href":"https:\/\/api.w.org\/{rel}","templated":true}]}}