{"id":94953,"date":"2021-06-29T18:09:22","date_gmt":"2021-06-29T21:09:22","guid":{"rendered":"https:\/\/eldiariodesanpedro.com.ar\/sitio\/?p=94953"},"modified":"2021-06-29T18:09:26","modified_gmt":"2021-06-29T21:09:26","slug":"baradero-un-remisero-le-pidio-a-un-cliente-que-le-practique-sexo-oral","status":"publish","type":"post","link":"https:\/\/eldiariodesanpedro.com.ar\/sitio\/baradero-un-remisero-le-pidio-a-un-cliente-que-le-practique-sexo-oral\/","title":{"rendered":"BARADERO | Un remisero le pidi\u00f3 a un cliente que le practique sexo oral"},"content":{"rendered":"<!-- VideographyWP Plugin Message: Automatic video embedding prevented by plugin options. -->\n\n<p>En las \u00faltimas horas se viraliz\u00f3 en redes sociales una publicaci\u00f3n de una persona que acusa a un remisero de \u201cRemis Antiguo Baradero\u201d de pedirle que le practique sexo oral, entre otras cosas. Jonatan Arce, due\u00f1o de la remiser\u00eda, inform\u00f3 que luego de enterarse de esta situaci\u00f3n tom\u00f3 la determinaci\u00f3n de desafectar al chofer de la agencia.<\/p>\n\n\n\n<p>\u201cEs vergonzoso tener que salir al aire de una radio para explicar lo sucedido\u201d, cont\u00f3.<\/p>\n\n\n\n<p>Jonat\u00e1n se enter\u00f3 de lo sucedido e inmediatamente se puso en contacto con la v\u00edctima para ponerse a su disposici\u00f3n.<br><br>\u201cMe cont\u00f3 que el chofer le dijo que ten\u00eda fantas\u00edas sexuales con un homosexual y quer\u00eda que le practique sexo oral\u201d, sostuvo.<\/p>\n\n\n\n<p>El chofer desminti\u00f3 la situaci\u00f3n pero de igual manera decidi\u00f3 desafectarlo porque, en palabras de Jonatan, \u201csiempre se tiene que poner del lado del cliente\u201d.<\/p>\n\n\n\n<p>Fuente: <a href=\"https:\/\/tulineadirecta.com\/un-remisero-le-pidio-a-un-cliente-que-le-practique-sexo-oral\/\">Tu Linea Directa<\/a><\/p>\n","protected":false},"excerpt":{"rendered":"<p>En las \u00faltimas horas se viraliz\u00f3 en redes sociales una publicaci\u00f3n de una persona que acusa a un remisero de \u201cRemis Antiguo Baradero\u201d de pedirle que le practique sexo oral, entre otras cosas. Jonatan Arce, due\u00f1o de la remiser\u00eda, inform\u00f3 que luego de enterarse de esta situaci\u00f3n tom\u00f3 la determinaci\u00f3n de desafectar al chofer de [&hellip;]<\/p>\n","protected":false},"author":4,"featured_media":94954,"comment_status":"open","ping_status":"closed","sticky":false,"template":"","format":"standard","meta":{"om_disable_all_campaigns":false,"_jetpack_memberships_contains_paid_content":false,"footnotes":""},"categories":[621],"tags":[],"class_list":["post-94953","post","type-post","status-publish","format-standard","has-post-thumbnail","hentry","category-regionales"],"aioseo_notices":[],"gutentor_comment":0,"jetpack_featured_media_url":"https:\/\/eldiariodesanpedro.com.ar\/sitio\/wp-content\/uploads\/2021\/06\/unnamed-1.jpg","jetpack_shortlink":"https:\/\/wp.me\/p6RhLt-oHv","jetpack_sharing_enabled":true,"_links":{"self":[{"href":"https:\/\/eldiariodesanpedro.com.ar\/sitio\/wp-json\/wp\/v2\/posts\/94953","targetHints":{"allow":["GET"]}}],"collection":[{"href":"https:\/\/eldiariodesanpedro.com.ar\/sitio\/wp-json\/wp\/v2\/posts"}],"about":[{"href":"https:\/\/eldiariodesanpedro.com.ar\/sitio\/wp-json\/wp\/v2\/types\/post"}],"author":[{"embeddable":true,"href":"https:\/\/eldiariodesanpedro.com.ar\/sitio\/wp-json\/wp\/v2\/users\/4"}],"replies":[{"embeddable":true,"href":"https:\/\/eldiariodesanpedro.com.ar\/sitio\/wp-json\/wp\/v2\/comments?post=94953"}],"version-history":[{"count":1,"href":"https:\/\/eldiariodesanpedro.com.ar\/sitio\/wp-json\/wp\/v2\/posts\/94953\/revisions"}],"predecessor-version":[{"id":94955,"href":"https:\/\/eldiariodesanpedro.com.ar\/sitio\/wp-json\/wp\/v2\/posts\/94953\/revisions\/94955"}],"wp:featuredmedia":[{"embeddable":true,"href":"https:\/\/eldiariodesanpedro.com.ar\/sitio\/wp-json\/wp\/v2\/media\/94954"}],"wp:attachment":[{"href":"https:\/\/eldiariodesanpedro.com.ar\/sitio\/wp-json\/wp\/v2\/media?parent=94953"}],"wp:term":[{"taxonomy":"category","embeddable":true,"href":"https:\/\/eldiariodesanpedro.com.ar\/sitio\/wp-json\/wp\/v2\/categories?post=94953"},{"taxonomy":"post_tag","embeddable":true,"href":"https:\/\/eldiariodesanpedro.com.ar\/sitio\/wp-json\/wp\/v2\/tags?post=94953"}],"curies":[{"name":"wp","href":"https:\/\/api.w.org\/{rel}","templated":true}]}}