{"id":94950,"date":"2021-06-29T18:05:21","date_gmt":"2021-06-29T21:05:21","guid":{"rendered":"https:\/\/eldiariodesanpedro.com.ar\/sitio\/?p=94950"},"modified":"2021-06-29T18:05:25","modified_gmt":"2021-06-29T21:05:25","slug":"baradero-disparo-al-aire-porque-le-molestaban-los-perros","status":"publish","type":"post","link":"https:\/\/eldiariodesanpedro.com.ar\/sitio\/baradero-disparo-al-aire-porque-le-molestaban-los-perros\/","title":{"rendered":"BARADERO | Dispar\u00f3 al aire porque le molestaban los perros"},"content":{"rendered":"<!-- VideographyWP Plugin Message: Automatic video embedding prevented by plugin options. -->\n\n<p>El d\u00eda Lunes un hombre de 33 a\u00f1os denunci\u00f3 que mientras se encontraba en su domicilio, situado en Astigueta y Mitre, escuch\u00f3 un estruendo y al salir observ\u00f3 a su vecino con un arma de fuego con la cual efectu\u00f3 disparos intimidatorios al aire porque \u201cle molestaban los perros\u201d.<\/p>\n\n\n\n<p>Intervino en el hecho la Fiscal\u00eda 9 de la ciudad.<\/p>\n\n\n\n<p>Fuente: <a href=\"https:\/\/tulineadirecta.com\/disparo-al-aire-porque-le-molestaban-los-perros\/\">Tu Linea Directa<\/a><\/p>\n\n\n\n<p><a href=\"https:\/\/tulineadirecta.com\/author\/tulineadirecta1\/\"><\/a><\/p>\n","protected":false},"excerpt":{"rendered":"<p>El d\u00eda Lunes un hombre de 33 a\u00f1os denunci\u00f3 que mientras se encontraba en su domicilio, situado en Astigueta y Mitre, escuch\u00f3 un estruendo y al salir observ\u00f3 a su vecino con un arma de fuego con la cual efectu\u00f3 disparos intimidatorios al aire porque \u201cle molestaban los perros\u201d. Intervino en el hecho la Fiscal\u00eda [&hellip;]<\/p>\n","protected":false},"author":4,"featured_media":94951,"comment_status":"open","ping_status":"closed","sticky":false,"template":"","format":"standard","meta":{"om_disable_all_campaigns":false,"_jetpack_memberships_contains_paid_content":false,"footnotes":""},"categories":[621],"tags":[],"class_list":["post-94950","post","type-post","status-publish","format-standard","has-post-thumbnail","hentry","category-regionales"],"aioseo_notices":[],"gutentor_comment":0,"jetpack_featured_media_url":"https:\/\/eldiariodesanpedro.com.ar\/sitio\/wp-content\/uploads\/2021\/06\/disparos-al-aire.jpeg","jetpack_shortlink":"https:\/\/wp.me\/p6RhLt-oHs","jetpack_sharing_enabled":true,"_links":{"self":[{"href":"https:\/\/eldiariodesanpedro.com.ar\/sitio\/wp-json\/wp\/v2\/posts\/94950","targetHints":{"allow":["GET"]}}],"collection":[{"href":"https:\/\/eldiariodesanpedro.com.ar\/sitio\/wp-json\/wp\/v2\/posts"}],"about":[{"href":"https:\/\/eldiariodesanpedro.com.ar\/sitio\/wp-json\/wp\/v2\/types\/post"}],"author":[{"embeddable":true,"href":"https:\/\/eldiariodesanpedro.com.ar\/sitio\/wp-json\/wp\/v2\/users\/4"}],"replies":[{"embeddable":true,"href":"https:\/\/eldiariodesanpedro.com.ar\/sitio\/wp-json\/wp\/v2\/comments?post=94950"}],"version-history":[{"count":1,"href":"https:\/\/eldiariodesanpedro.com.ar\/sitio\/wp-json\/wp\/v2\/posts\/94950\/revisions"}],"predecessor-version":[{"id":94952,"href":"https:\/\/eldiariodesanpedro.com.ar\/sitio\/wp-json\/wp\/v2\/posts\/94950\/revisions\/94952"}],"wp:featuredmedia":[{"embeddable":true,"href":"https:\/\/eldiariodesanpedro.com.ar\/sitio\/wp-json\/wp\/v2\/media\/94951"}],"wp:attachment":[{"href":"https:\/\/eldiariodesanpedro.com.ar\/sitio\/wp-json\/wp\/v2\/media?parent=94950"}],"wp:term":[{"taxonomy":"category","embeddable":true,"href":"https:\/\/eldiariodesanpedro.com.ar\/sitio\/wp-json\/wp\/v2\/categories?post=94950"},{"taxonomy":"post_tag","embeddable":true,"href":"https:\/\/eldiariodesanpedro.com.ar\/sitio\/wp-json\/wp\/v2\/tags?post=94950"}],"curies":[{"name":"wp","href":"https:\/\/api.w.org\/{rel}","templated":true}]}}