{"id":94942,"date":"2021-06-29T17:49:46","date_gmt":"2021-06-29T20:49:46","guid":{"rendered":"https:\/\/eldiariodesanpedro.com.ar\/sitio\/?p=94942"},"modified":"2021-06-29T17:49:50","modified_gmt":"2021-06-29T20:49:50","slug":"salazar-comenzamos-a-concretar-un-sueno-que-espero-decadas-en-gobernador-castro","status":"publish","type":"post","link":"https:\/\/eldiariodesanpedro.com.ar\/sitio\/salazar-comenzamos-a-concretar-un-sueno-que-espero-decadas-en-gobernador-castro\/","title":{"rendered":"Salazar: \u201cComenzamos a concretar un sue\u00f1o que esper\u00f3 d\u00e9cadas en Gobernador Castro\u201d"},"content":{"rendered":"<!-- VideographyWP Plugin Message: Automatic video embedding prevented by plugin options. -->\n\n<p>Tras la llegada de maquinarias que hab\u00eda comenzado hace algunos d\u00edas, hoy se inici\u00f3 formalmente la repavimentaci\u00f3n del acceso a Gobernador Castro desde la Ruta 9.<\/p>\n\n\n\n<p>Una de las obras m\u00e1s esperadas por los vecinos est\u00e1 en marcha, como parte de un conjunto de proyectos que desde la gesti\u00f3n del Intendente Salazar est\u00e1n en camino a su ejecuci\u00f3n tras intensas gestiones ante los gobiernos de Provincia y Naci\u00f3n que est\u00e1n respaldando la reactivaci\u00f3n de obras p\u00fablicas estrat\u00e9gicas.<\/p>\n\n\n\n<p>El Intendente, junto al Secretario de Coordinaci\u00f3n Ram\u00f3n Salazar que inici\u00f3 la \u00faltima etapa de las gestiones ante Vialidad Nacional y tambi\u00e9n expres\u00f3 su gran alegr\u00eda, visit\u00f3 esta ma\u00f1ana la localidad acompa\u00f1ado adem\u00e1s por el Secretario de Obras P\u00fablicas Javier Silva, el Secretario de Servicios P\u00fablicos Ariel \u00c1lvarez, la Secretaria de Turismo Marcela Cu\u00f1er, el Secretario de Desarrollo Econ\u00f3mico Alfredo Carrasco y el Delegado de la localidad \u00c1ngel \u00c1lvarez.<\/p>\n\n\n\n<p>Por m\u00faltiples razones, esta repavimentaci\u00f3n representa una gran alegr\u00eda para los vecinos que en los \u00faltimos a\u00f1os vieron c\u00f3mo se concretaron obras dentro de la localidad, pero esperaban recuperar este acceso, originalmente pavimentado hace m\u00e1s de 40 a\u00f1os y que en los \u00faltimos tiempos se fue deteriorando.<\/p>\n\n\n\n<p>Un acceso como el que volver\u00e1 a tener Gobernador Castro en aproximadamente cinco meses, constituye adem\u00e1s de una v\u00eda de mayor seguridad, un enorme beneficio en todo lo relacionado con la producci\u00f3n y el turismo, teniendo en cuenta adem\u00e1s el desarrollo de toda esa zona a partir de los nuevos proyectos en Vuelta de Obligado.<\/p>\n\n\n\n<p>Muy contento el Intendente expres\u00f3 esta ma\u00f1ana que \u00e9sta es una obra que los vecinos esperaban y que el esfuerzo de todo el equipo de gobierno est\u00e1 puesto en llegar a todas las localidades y barrios y record\u00f3 que se est\u00e1 esperando por la solicitud realizada para la inclusi\u00f3n de la repavimentaci\u00f3n del acceso a Santa Luc\u00eda dentro de la obra de repavimentaci\u00f3n de la Ruta 191 entre las rutas 8 y 9.<\/p>\n\n\n\n<p>La reconstrucci\u00f3n total de 8.5 kil\u00f3metros de pavimento desde la autopista comprende un presupuesto de $ 89.359.878,32 y ser\u00e1 financiado por el gobierno nacional a trav\u00e9s del \u201cPrograma de sostenimiento de Redes Conexas para el Fortalecimiento de la Red Troncal Nacional\u201d ejecutado por la Direcci\u00f3n de Vialidad Nacional y el Ministerio de Obras P\u00fablicas de la Naci\u00f3n.<\/p>\n\n\n\n<figure class=\"wp-block-image size-large\"><img decoding=\"async\" width=\"1024\" height=\"686\" data-attachment-id=\"94947\" data-permalink=\"https:\/\/eldiariodesanpedro.com.ar\/sitio\/salazar-comenzamos-a-concretar-un-sueno-que-espero-decadas-en-gobernador-castro\/whatsapp-image-2021-06-29-at-17-24-33\/\" data-orig-file=\"https:\/\/eldiariodesanpedro.com.ar\/sitio\/wp-content\/uploads\/2021\/06\/WhatsApp-Image-2021-06-29-at-17.24.33.jpeg\" data-orig-size=\"1280,857\" data-comments-opened=\"1\" data-image-meta=\"{&quot;aperture&quot;:&quot;0&quot;,&quot;credit&quot;:&quot;&quot;,&quot;camera&quot;:&quot;&quot;,&quot;caption&quot;:&quot;&quot;,&quot;created_timestamp&quot;:&quot;0&quot;,&quot;copyright&quot;:&quot;&quot;,&quot;focal_length&quot;:&quot;0&quot;,&quot;iso&quot;:&quot;0&quot;,&quot;shutter_speed&quot;:&quot;0&quot;,&quot;title&quot;:&quot;&quot;,&quot;orientation&quot;:&quot;0&quot;}\" data-image-title=\"WhatsApp Image 2021-06-29 at 17.24.33\" data-image-description=\"\" data-image-caption=\"\" data-large-file=\"https:\/\/eldiariodesanpedro.com.ar\/sitio\/wp-content\/uploads\/2021\/06\/WhatsApp-Image-2021-06-29-at-17.24.33-1024x686.jpeg\" data-src=\"https:\/\/eldiariodesanpedro.com.ar\/sitio\/wp-content\/uploads\/2021\/06\/WhatsApp-Image-2021-06-29-at-17.24.33-1024x686.jpeg\" alt=\"\" class=\"wp-image-94947 lazyload\" data-srcset=\"https:\/\/eldiariodesanpedro.com.ar\/sitio\/wp-content\/uploads\/2021\/06\/WhatsApp-Image-2021-06-29-at-17.24.33-1024x686.jpeg 1024w, https:\/\/eldiariodesanpedro.com.ar\/sitio\/wp-content\/uploads\/2021\/06\/WhatsApp-Image-2021-06-29-at-17.24.33-300x201.jpeg 300w, https:\/\/eldiariodesanpedro.com.ar\/sitio\/wp-content\/uploads\/2021\/06\/WhatsApp-Image-2021-06-29-at-17.24.33-768x514.jpeg 768w, https:\/\/eldiariodesanpedro.com.ar\/sitio\/wp-content\/uploads\/2021\/06\/WhatsApp-Image-2021-06-29-at-17.24.33.jpeg 1280w\" data-sizes=\"(max-width: 1024px) 100vw, 1024px\" src=\"data:image\/svg+xml;base64,PHN2ZyB3aWR0aD0iMSIgaGVpZ2h0PSIxIiB4bWxucz0iaHR0cDovL3d3dy53My5vcmcvMjAwMC9zdmciPjwvc3ZnPg==\" style=\"--smush-placeholder-width: 1024px; --smush-placeholder-aspect-ratio: 1024\/686;\" \/><\/figure>\n\n\n\n<figure class=\"wp-block-image size-large\"><img decoding=\"async\" width=\"1024\" height=\"679\" data-attachment-id=\"94946\" data-permalink=\"https:\/\/eldiariodesanpedro.com.ar\/sitio\/salazar-comenzamos-a-concretar-un-sueno-que-espero-decadas-en-gobernador-castro\/whatsapp-image-2021-06-29-at-17-24-32\/\" data-orig-file=\"https:\/\/eldiariodesanpedro.com.ar\/sitio\/wp-content\/uploads\/2021\/06\/WhatsApp-Image-2021-06-29-at-17.24.32.jpeg\" data-orig-size=\"1280,849\" data-comments-opened=\"1\" data-image-meta=\"{&quot;aperture&quot;:&quot;0&quot;,&quot;credit&quot;:&quot;&quot;,&quot;camera&quot;:&quot;&quot;,&quot;caption&quot;:&quot;&quot;,&quot;created_timestamp&quot;:&quot;0&quot;,&quot;copyright&quot;:&quot;&quot;,&quot;focal_length&quot;:&quot;0&quot;,&quot;iso&quot;:&quot;0&quot;,&quot;shutter_speed&quot;:&quot;0&quot;,&quot;title&quot;:&quot;&quot;,&quot;orientation&quot;:&quot;0&quot;}\" data-image-title=\"WhatsApp Image 2021-06-29 at 17.24.32\" data-image-description=\"\" data-image-caption=\"\" data-large-file=\"https:\/\/eldiariodesanpedro.com.ar\/sitio\/wp-content\/uploads\/2021\/06\/WhatsApp-Image-2021-06-29-at-17.24.32-1024x679.jpeg\" data-src=\"https:\/\/eldiariodesanpedro.com.ar\/sitio\/wp-content\/uploads\/2021\/06\/WhatsApp-Image-2021-06-29-at-17.24.32-1024x679.jpeg\" alt=\"\" class=\"wp-image-94946 lazyload\" data-srcset=\"https:\/\/eldiariodesanpedro.com.ar\/sitio\/wp-content\/uploads\/2021\/06\/WhatsApp-Image-2021-06-29-at-17.24.32-1024x679.jpeg 1024w, https:\/\/eldiariodesanpedro.com.ar\/sitio\/wp-content\/uploads\/2021\/06\/WhatsApp-Image-2021-06-29-at-17.24.32-300x199.jpeg 300w, https:\/\/eldiariodesanpedro.com.ar\/sitio\/wp-content\/uploads\/2021\/06\/WhatsApp-Image-2021-06-29-at-17.24.32-768x509.jpeg 768w, https:\/\/eldiariodesanpedro.com.ar\/sitio\/wp-content\/uploads\/2021\/06\/WhatsApp-Image-2021-06-29-at-17.24.32.jpeg 1280w\" data-sizes=\"(max-width: 1024px) 100vw, 1024px\" src=\"data:image\/svg+xml;base64,PHN2ZyB3aWR0aD0iMSIgaGVpZ2h0PSIxIiB4bWxucz0iaHR0cDovL3d3dy53My5vcmcvMjAwMC9zdmciPjwvc3ZnPg==\" style=\"--smush-placeholder-width: 1024px; --smush-placeholder-aspect-ratio: 1024\/679;\" \/><\/figure>\n\n\n\n<figure class=\"wp-block-image size-large\"><img decoding=\"async\" width=\"1024\" height=\"628\" data-attachment-id=\"94943\" data-permalink=\"https:\/\/eldiariodesanpedro.com.ar\/sitio\/salazar-comenzamos-a-concretar-un-sueno-que-espero-decadas-en-gobernador-castro\/whatsapp-image-2021-06-29-at-17-24-29\/\" data-orig-file=\"https:\/\/eldiariodesanpedro.com.ar\/sitio\/wp-content\/uploads\/2021\/06\/WhatsApp-Image-2021-06-29-at-17.24.29.jpeg\" data-orig-size=\"1280,785\" data-comments-opened=\"1\" data-image-meta=\"{&quot;aperture&quot;:&quot;0&quot;,&quot;credit&quot;:&quot;&quot;,&quot;camera&quot;:&quot;&quot;,&quot;caption&quot;:&quot;&quot;,&quot;created_timestamp&quot;:&quot;0&quot;,&quot;copyright&quot;:&quot;&quot;,&quot;focal_length&quot;:&quot;0&quot;,&quot;iso&quot;:&quot;0&quot;,&quot;shutter_speed&quot;:&quot;0&quot;,&quot;title&quot;:&quot;&quot;,&quot;orientation&quot;:&quot;0&quot;}\" data-image-title=\"WhatsApp Image 2021-06-29 at 17.24.29\" data-image-description=\"\" data-image-caption=\"\" data-large-file=\"https:\/\/eldiariodesanpedro.com.ar\/sitio\/wp-content\/uploads\/2021\/06\/WhatsApp-Image-2021-06-29-at-17.24.29-1024x628.jpeg\" data-src=\"https:\/\/eldiariodesanpedro.com.ar\/sitio\/wp-content\/uploads\/2021\/06\/WhatsApp-Image-2021-06-29-at-17.24.29-1024x628.jpeg\" alt=\"\" class=\"wp-image-94943 lazyload\" data-srcset=\"https:\/\/eldiariodesanpedro.com.ar\/sitio\/wp-content\/uploads\/2021\/06\/WhatsApp-Image-2021-06-29-at-17.24.29-1024x628.jpeg 1024w, https:\/\/eldiariodesanpedro.com.ar\/sitio\/wp-content\/uploads\/2021\/06\/WhatsApp-Image-2021-06-29-at-17.24.29-300x184.jpeg 300w, https:\/\/eldiariodesanpedro.com.ar\/sitio\/wp-content\/uploads\/2021\/06\/WhatsApp-Image-2021-06-29-at-17.24.29-768x471.jpeg 768w, https:\/\/eldiariodesanpedro.com.ar\/sitio\/wp-content\/uploads\/2021\/06\/WhatsApp-Image-2021-06-29-at-17.24.29.jpeg 1280w\" data-sizes=\"(max-width: 1024px) 100vw, 1024px\" src=\"data:image\/svg+xml;base64,PHN2ZyB3aWR0aD0iMSIgaGVpZ2h0PSIxIiB4bWxucz0iaHR0cDovL3d3dy53My5vcmcvMjAwMC9zdmciPjwvc3ZnPg==\" style=\"--smush-placeholder-width: 1024px; --smush-placeholder-aspect-ratio: 1024\/628;\" \/><\/figure>\n\n\n\n<figure class=\"wp-block-image size-large\"><img decoding=\"async\" width=\"1024\" height=\"619\" data-attachment-id=\"94945\" data-permalink=\"https:\/\/eldiariodesanpedro.com.ar\/sitio\/salazar-comenzamos-a-concretar-un-sueno-que-espero-decadas-en-gobernador-castro\/whatsapp-image-2021-06-29-at-17-24-31\/\" data-orig-file=\"https:\/\/eldiariodesanpedro.com.ar\/sitio\/wp-content\/uploads\/2021\/06\/WhatsApp-Image-2021-06-29-at-17.24.31.jpeg\" data-orig-size=\"1280,774\" data-comments-opened=\"1\" data-image-meta=\"{&quot;aperture&quot;:&quot;0&quot;,&quot;credit&quot;:&quot;&quot;,&quot;camera&quot;:&quot;&quot;,&quot;caption&quot;:&quot;&quot;,&quot;created_timestamp&quot;:&quot;0&quot;,&quot;copyright&quot;:&quot;&quot;,&quot;focal_length&quot;:&quot;0&quot;,&quot;iso&quot;:&quot;0&quot;,&quot;shutter_speed&quot;:&quot;0&quot;,&quot;title&quot;:&quot;&quot;,&quot;orientation&quot;:&quot;0&quot;}\" data-image-title=\"WhatsApp Image 2021-06-29 at 17.24.31\" data-image-description=\"\" data-image-caption=\"\" data-large-file=\"https:\/\/eldiariodesanpedro.com.ar\/sitio\/wp-content\/uploads\/2021\/06\/WhatsApp-Image-2021-06-29-at-17.24.31-1024x619.jpeg\" data-src=\"https:\/\/eldiariodesanpedro.com.ar\/sitio\/wp-content\/uploads\/2021\/06\/WhatsApp-Image-2021-06-29-at-17.24.31-1024x619.jpeg\" alt=\"\" class=\"wp-image-94945 lazyload\" data-srcset=\"https:\/\/eldiariodesanpedro.com.ar\/sitio\/wp-content\/uploads\/2021\/06\/WhatsApp-Image-2021-06-29-at-17.24.31-1024x619.jpeg 1024w, https:\/\/eldiariodesanpedro.com.ar\/sitio\/wp-content\/uploads\/2021\/06\/WhatsApp-Image-2021-06-29-at-17.24.31-300x181.jpeg 300w, https:\/\/eldiariodesanpedro.com.ar\/sitio\/wp-content\/uploads\/2021\/06\/WhatsApp-Image-2021-06-29-at-17.24.31-768x464.jpeg 768w, https:\/\/eldiariodesanpedro.com.ar\/sitio\/wp-content\/uploads\/2021\/06\/WhatsApp-Image-2021-06-29-at-17.24.31.jpeg 1280w\" data-sizes=\"(max-width: 1024px) 100vw, 1024px\" src=\"data:image\/svg+xml;base64,PHN2ZyB3aWR0aD0iMSIgaGVpZ2h0PSIxIiB4bWxucz0iaHR0cDovL3d3dy53My5vcmcvMjAwMC9zdmciPjwvc3ZnPg==\" style=\"--smush-placeholder-width: 1024px; --smush-placeholder-aspect-ratio: 1024\/619;\" \/><\/figure>\n","protected":false},"excerpt":{"rendered":"<p>Tras la llegada de maquinarias que hab\u00eda comenzado hace algunos d\u00edas, hoy se inici\u00f3 formalmente la repavimentaci\u00f3n del acceso a Gobernador Castro desde la Ruta 9. Una de las obras m\u00e1s esperadas por los vecinos est\u00e1 en marcha, como parte de un conjunto de proyectos que desde la gesti\u00f3n del Intendente Salazar est\u00e1n en camino [&hellip;]<\/p>\n","protected":false},"author":4,"featured_media":94944,"comment_status":"open","ping_status":"closed","sticky":false,"template":"","format":"standard","meta":{"om_disable_all_campaigns":false,"_jetpack_memberships_contains_paid_content":false,"footnotes":""},"categories":[50,101,2],"tags":[],"class_list":["post-94942","post","type-post","status-publish","format-standard","has-post-thumbnail","hentry","category-destacadas","category-interes-general-locales","category-locales"],"aioseo_notices":[],"gutentor_comment":0,"jetpack_featured_media_url":"https:\/\/eldiariodesanpedro.com.ar\/sitio\/wp-content\/uploads\/2021\/06\/WhatsApp-Image-2021-06-29-at-17.24.30.jpeg","jetpack_shortlink":"https:\/\/wp.me\/p6RhLt-oHk","jetpack_sharing_enabled":true,"_links":{"self":[{"href":"https:\/\/eldiariodesanpedro.com.ar\/sitio\/wp-json\/wp\/v2\/posts\/94942","targetHints":{"allow":["GET"]}}],"collection":[{"href":"https:\/\/eldiariodesanpedro.com.ar\/sitio\/wp-json\/wp\/v2\/posts"}],"about":[{"href":"https:\/\/eldiariodesanpedro.com.ar\/sitio\/wp-json\/wp\/v2\/types\/post"}],"author":[{"embeddable":true,"href":"https:\/\/eldiariodesanpedro.com.ar\/sitio\/wp-json\/wp\/v2\/users\/4"}],"replies":[{"embeddable":true,"href":"https:\/\/eldiariodesanpedro.com.ar\/sitio\/wp-json\/wp\/v2\/comments?post=94942"}],"version-history":[{"count":1,"href":"https:\/\/eldiariodesanpedro.com.ar\/sitio\/wp-json\/wp\/v2\/posts\/94942\/revisions"}],"predecessor-version":[{"id":94948,"href":"https:\/\/eldiariodesanpedro.com.ar\/sitio\/wp-json\/wp\/v2\/posts\/94942\/revisions\/94948"}],"wp:featuredmedia":[{"embeddable":true,"href":"https:\/\/eldiariodesanpedro.com.ar\/sitio\/wp-json\/wp\/v2\/media\/94944"}],"wp:attachment":[{"href":"https:\/\/eldiariodesanpedro.com.ar\/sitio\/wp-json\/wp\/v2\/media?parent=94942"}],"wp:term":[{"taxonomy":"category","embeddable":true,"href":"https:\/\/eldiariodesanpedro.com.ar\/sitio\/wp-json\/wp\/v2\/categories?post=94942"},{"taxonomy":"post_tag","embeddable":true,"href":"https:\/\/eldiariodesanpedro.com.ar\/sitio\/wp-json\/wp\/v2\/tags?post=94942"}],"curies":[{"name":"wp","href":"https:\/\/api.w.org\/{rel}","templated":true}]}}