{"id":94937,"date":"2021-06-29T13:25:01","date_gmt":"2021-06-29T16:25:01","guid":{"rendered":"https:\/\/eldiariodesanpedro.com.ar\/sitio\/?p=94937"},"modified":"2021-06-29T13:25:05","modified_gmt":"2021-06-29T16:25:05","slug":"emotiva-despedida-a-daniel-caro-de-sus-companeros-de-servicios-viales","status":"publish","type":"post","link":"https:\/\/eldiariodesanpedro.com.ar\/sitio\/emotiva-despedida-a-daniel-caro-de-sus-companeros-de-servicios-viales\/","title":{"rendered":"Emotiva despedida a Daniel Caro de sus compa\u00f1eros de Servicios Viales"},"content":{"rendered":"<!-- VideographyWP Plugin Message: Automatic video embedding prevented by plugin options. -->\n\n<p>El bombero fallecido el domingo se desempe\u00f1aba como operario en la empresa concesionaria de la Ruta 9. Fue homenajeado en los peajes de Lima y Gral. Alvear.\u00a0<\/p>\n\n\n\n<p>El repentino fallecimiento de Daniel Caro provoc\u00f3 una enorme congoja entre quienes lo conoc\u00edan. Ten\u00eda 52 a\u00f1os y entre otras actividades pertenec\u00eda al cuerpo de reserva de los Bomberos Voluntarios de San Pedro luego de prestar servicios durante 27 a\u00f1os, pero a la vez cumpl\u00eda funciones como supervisor en Servicios Viales, de la empresa concesionaria de la Ruta 9.<\/p>\n\n\n\n<p>El lunes, ante la triste noticia, sus compa\u00f1eros de trabajo quisieron homenajearlo&nbsp;con una sentida dedicatoria que emocion\u00f3 a todo, colocando distintos mensajes en los carteles indicadores que se ubican en las estaciones de peajes de Lima y Gral. Alvear.<\/p>\n\n\n\n<p>\u00abAbrazo al Cielo\u00bb y \u00abHasta Siempre Daniel\u00bb, fueron algunas de las dedicatorias que se pudieron ver sobre la Ruta Nacional N\u00b0 9.<\/p>\n\n\n\n<p>Los restos de Daniel Caro fueron despedidos en la tarde del lunes en un cementerio privado de la ciudad, donde la Asociaci\u00f3n de Bomberos Voluntarios acompa\u00f1\u00f3 a su familia en este dif\u00edcil momento y le rindi\u00f3 todos los\u00a0Honores F\u00fanebres como sucede ante la desaparici\u00f3n de un integrante de la entidad bomberil.\u00a0<\/p>\n\n\n\n<p>Fuente: <a href=\"https:\/\/www.sanpedroinforma.com.ar\/nota\/124276\/sociedad\/emotiva-despedida-a-daniel-caro-de-sus-companeros-de-servicios-viales.html\">San Pedro informa<\/a><\/p>\n","protected":false},"excerpt":{"rendered":"<p>El bombero fallecido el domingo se desempe\u00f1aba como operario en la empresa concesionaria de la Ruta 9. Fue homenajeado en los peajes de Lima y Gral. Alvear.\u00a0 El repentino fallecimiento de Daniel Caro provoc\u00f3 una enorme congoja entre quienes lo conoc\u00edan. Ten\u00eda 52 a\u00f1os y entre otras actividades pertenec\u00eda al cuerpo de reserva de los [&hellip;]<\/p>\n","protected":false},"author":4,"featured_media":94938,"comment_status":"open","ping_status":"closed","sticky":false,"template":"","format":"standard","meta":{"om_disable_all_campaigns":false,"_jetpack_memberships_contains_paid_content":false,"footnotes":""},"categories":[50,101,2],"tags":[],"class_list":["post-94937","post","type-post","status-publish","format-standard","has-post-thumbnail","hentry","category-destacadas","category-interes-general-locales","category-locales"],"aioseo_notices":[],"gutentor_comment":0,"jetpack_featured_media_url":"https:\/\/eldiariodesanpedro.com.ar\/sitio\/wp-content\/uploads\/2021\/06\/000092194.jpg","jetpack_shortlink":"https:\/\/wp.me\/p6RhLt-oHf","jetpack_sharing_enabled":true,"_links":{"self":[{"href":"https:\/\/eldiariodesanpedro.com.ar\/sitio\/wp-json\/wp\/v2\/posts\/94937","targetHints":{"allow":["GET"]}}],"collection":[{"href":"https:\/\/eldiariodesanpedro.com.ar\/sitio\/wp-json\/wp\/v2\/posts"}],"about":[{"href":"https:\/\/eldiariodesanpedro.com.ar\/sitio\/wp-json\/wp\/v2\/types\/post"}],"author":[{"embeddable":true,"href":"https:\/\/eldiariodesanpedro.com.ar\/sitio\/wp-json\/wp\/v2\/users\/4"}],"replies":[{"embeddable":true,"href":"https:\/\/eldiariodesanpedro.com.ar\/sitio\/wp-json\/wp\/v2\/comments?post=94937"}],"version-history":[{"count":1,"href":"https:\/\/eldiariodesanpedro.com.ar\/sitio\/wp-json\/wp\/v2\/posts\/94937\/revisions"}],"predecessor-version":[{"id":94939,"href":"https:\/\/eldiariodesanpedro.com.ar\/sitio\/wp-json\/wp\/v2\/posts\/94937\/revisions\/94939"}],"wp:featuredmedia":[{"embeddable":true,"href":"https:\/\/eldiariodesanpedro.com.ar\/sitio\/wp-json\/wp\/v2\/media\/94938"}],"wp:attachment":[{"href":"https:\/\/eldiariodesanpedro.com.ar\/sitio\/wp-json\/wp\/v2\/media?parent=94937"}],"wp:term":[{"taxonomy":"category","embeddable":true,"href":"https:\/\/eldiariodesanpedro.com.ar\/sitio\/wp-json\/wp\/v2\/categories?post=94937"},{"taxonomy":"post_tag","embeddable":true,"href":"https:\/\/eldiariodesanpedro.com.ar\/sitio\/wp-json\/wp\/v2\/tags?post=94937"}],"curies":[{"name":"wp","href":"https:\/\/api.w.org\/{rel}","templated":true}]}}