{"id":94921,"date":"2021-06-29T11:01:39","date_gmt":"2021-06-29T14:01:39","guid":{"rendered":"https:\/\/eldiariodesanpedro.com.ar\/sitio\/?p=94921"},"modified":"2021-06-29T11:01:44","modified_gmt":"2021-06-29T14:01:44","slug":"hay-un-incremento-leve-y-uniforme-en-el-crecimiento-de-casos","status":"publish","type":"post","link":"https:\/\/eldiariodesanpedro.com.ar\/sitio\/hay-un-incremento-leve-y-uniforme-en-el-crecimiento-de-casos\/","title":{"rendered":"\u00abHay un incremento leve y uniforme en el crecimiento de casos\u00bb"},"content":{"rendered":"<!-- VideographyWP Plugin Message: Automatic video embedding prevented by plugin options. -->\n\n<p>As\u00ed lo confirm\u00f3 el viceministro de Salud bonaerense, Nicol\u00e1s Kreplak, y se lo atribuy\u00f3 a \u00bb la reducci\u00f3n de las medidas de restricci\u00f3n de circulaci\u00f3n\u00bb. Tambi\u00e9n critic\u00f3 a quienes no realizan el aislamiento obligatorio al regresar al pa\u00eds desde el exterior.<\/p>\n\n\n\n<p>En el informe epidemiol\u00f3gico brindado este martes en\u00a0<strong>Casa de Gobierno, el viceministro de Salud bonaerense, Nicol\u00e1s Kreplak \u00abhay un incremento leve y uniforme de crecimiento de casos, y nos hace pensar que la reducci\u00f3n de las medidas de restricci\u00f3n de circulaci\u00f3n hace este incremento\u00bb.\u00a0<\/strong><\/p>\n\n\n\n<div class=\"wp-block-image\"><figure class=\"aligncenter size-large\"><img decoding=\"async\" width=\"696\" height=\"384\" data-attachment-id=\"94923\" data-permalink=\"https:\/\/eldiariodesanpedro.com.ar\/sitio\/hay-un-incremento-leve-y-uniforme-en-el-crecimiento-de-casos\/conf-296-1\/\" data-orig-file=\"https:\/\/eldiariodesanpedro.com.ar\/sitio\/wp-content\/uploads\/2021\/06\/conf-296-1.png\" data-orig-size=\"696,384\" data-comments-opened=\"1\" data-image-meta=\"{&quot;aperture&quot;:&quot;0&quot;,&quot;credit&quot;:&quot;&quot;,&quot;camera&quot;:&quot;&quot;,&quot;caption&quot;:&quot;&quot;,&quot;created_timestamp&quot;:&quot;0&quot;,&quot;copyright&quot;:&quot;&quot;,&quot;focal_length&quot;:&quot;0&quot;,&quot;iso&quot;:&quot;0&quot;,&quot;shutter_speed&quot;:&quot;0&quot;,&quot;title&quot;:&quot;&quot;,&quot;orientation&quot;:&quot;0&quot;}\" data-image-title=\"conf-296-1\" data-image-description=\"\" data-image-caption=\"\" data-large-file=\"https:\/\/eldiariodesanpedro.com.ar\/sitio\/wp-content\/uploads\/2021\/06\/conf-296-1.png\" data-src=\"https:\/\/eldiariodesanpedro.com.ar\/sitio\/wp-content\/uploads\/2021\/06\/conf-296-1.png\" alt=\"\" class=\"wp-image-94923 lazyload\" data-srcset=\"https:\/\/eldiariodesanpedro.com.ar\/sitio\/wp-content\/uploads\/2021\/06\/conf-296-1.png 696w, https:\/\/eldiariodesanpedro.com.ar\/sitio\/wp-content\/uploads\/2021\/06\/conf-296-1-300x166.png 300w\" data-sizes=\"(max-width: 696px) 100vw, 696px\" src=\"data:image\/svg+xml;base64,PHN2ZyB3aWR0aD0iMSIgaGVpZ2h0PSIxIiB4bWxucz0iaHR0cDovL3d3dy53My5vcmcvMjAwMC9zdmciPjwvc3ZnPg==\" style=\"--smush-placeholder-width: 696px; --smush-placeholder-aspect-ratio: 696\/384;\" \/><\/figure><\/div>\n\n\n\n<p>En ese sentido, el funcionario analiz\u00f3 que \u00ab<strong>se cumpli\u00f3 la quinta semana de descenso consecutivo&nbsp;que equivale al 47% del descenso desde el pico\u00bb<\/strong>, pero admiti\u00f3 que \u00ab<strong>sin embargo, en el d\u00eda a d\u00eda, desde el martes pasado deja de observarse un descenso y hay un incremento que representa un 7,9% de incremento respecto de la \u00faltima semana epidemiol\u00f3gica<\/strong>\u00ab.<\/p>\n\n\n\n<p>\u00ab<strong>Nos encontramos en este momento en el AMBA con 1.358.788 de contagiados y con 47.071 fallecidos desde el inicio de la pandemia\u00bb<\/strong>, indic\u00f3 Kreplak en el inicio de la conferencia, donde estuvo acompa\u00f1ado por el gobernador Axel Kicillof y el jefe de gabinete, Carlos Bianco.<\/p>\n\n\n\n<p>En cuanto a situaci\u00f3n de las terapias intensivas de los Hospitales, el funcionario indic\u00f3 que \u00ab<strong>en el AMBA, hay un 66,3% de ocupaci\u00f3n, todav\u00eda sostiene un descenso respecto de las semanas anteriores; mientras que&nbsp;en el interior tenemos 52,7%, tambi\u00e9n se observa un descenso, especialmente a expensas del Covid, y nos permite recuperar algunas internaciones pendientes por otras causas<\/strong>\u00ab.<br><br>Por otra parte, se refiri\u00f3 al protocolo de aislamiento que deben cumplir quienes regresan al pa\u00eds del exterior: \u00ab<strong>Adem\u00e1s de tener un PCR&nbsp;negativo antes de subirse al avi\u00f3n, y&nbsp;otro&nbsp;negativo cuando ingresa al pa\u00eds, igual deben hacer un aislamiento de 7 d\u00edas, esto es&nbsp;por las nuevas variantes, particularmente la Delta<\/strong>\u00ab, expres\u00f3.<br><br>En ese sentido, Kreplak reconoci\u00f3 que \u00ab<strong>comenzamos a hacer un trabajo de seguimiento y auditoria en territorio a buscar a aquellas personas que deb\u00edan estar cumpliendo el aislamiento en los lugares donde hab\u00eda registrado su domicilio. hicimos 314 visitas y encontramos 104 ausentes. el 33% de las personas es grav\u00edsimo<\/strong>\u00ab.<\/p>\n\n\n\n<p>De esa forma, el viceministro de Salud bonaerense critic\u00f3 a quienes eluden las obligaciones del asilamiento: \u00ab<strong>No podemos tener un polic\u00eda en la puerta de cada casa para garantizar los aislamientos, pero es indispensable que haya consciencia socia<\/strong>l\u00bb.&nbsp;<\/p>\n\n\n\n<p>Tambi\u00e9n consider\u00f3 que \u00ab<strong>es muy importante la b\u00fasqueda activa y queremos comunicar que est\u00e1n disponibles en la p\u00e1gina web la localizaci\u00f3n de los m\u00e1s de 400 puntosa de testeos gratuitos y que uno puede acudir teniendo o no s\u00edntomas<\/strong>\u00ab.<\/p>\n\n\n\n<p><strong>\u00abLas personas que son contacto estrecho de un positivo confirmado y tienen s\u00edntomas de Covid, se consideran confirmados por nexo epidemiol\u00f3gico\u00bb<\/strong>, inform\u00f3 durante la conferencia.\u00a0<\/p>\n\n\n\n<p>Al referirse a la vacunaci\u00f3n, Nicol\u00e1s Kreplak, subray\u00f3 que \u00ab<strong>tenemos casi 7 millones y medio de aplicaciones, de las cuales 6.131.181 son de primer componente, 1.358.594 que han completado su esquema de vacunaci\u00f3n. m\u00e1s del 95% de los mayores de 60 a\u00f1os se encuentran vacunados. dentro de la franja de 18 a 59 a\u00f1os con comorbilidades el 82,7%, y sin comorbilidades el 18,7%. en cuanto al personal docente y no docente 87,4%, y los trabajadores de la seguridad 74,8%<\/strong>\u00ab.&nbsp;<\/p>\n\n\n\n<p>Finalmente, hizo hincapi\u00e9 en el esquema de vacunaci\u00f3n en la Provincia: \u00ab<strong>estudiamos la eficacia de la primera dosis de Sputnik V\u00a0y AstraZeneca y encontramos resultados muy buenos. en poblaci\u00f3n de m\u00e1ximo riesgo, una capacidad de reducir un 86% las infecciones, el 95% de las internaciones y el 96% de las muertes, una eficacia alt\u00edsima. No es parte de un ensayo sino es una estad\u00edstica realizada en el terreno, en la poblaci\u00f3n real\u00bb<\/strong>, concluy\u00f3.\u00a0<\/p>\n\n\n\n<p>Fuente: La tecla<\/p>\n","protected":false},"excerpt":{"rendered":"<p>As\u00ed lo confirm\u00f3 el viceministro de Salud bonaerense, Nicol\u00e1s Kreplak, y se lo atribuy\u00f3 a \u00bb la reducci\u00f3n de las medidas de restricci\u00f3n de circulaci\u00f3n\u00bb. Tambi\u00e9n critic\u00f3 a quienes no realizan el aislamiento obligatorio al regresar al pa\u00eds desde el exterior. En el informe epidemiol\u00f3gico brindado este martes en\u00a0Casa de Gobierno, el viceministro de Salud [&hellip;]<\/p>\n","protected":false},"author":4,"featured_media":94922,"comment_status":"open","ping_status":"closed","sticky":false,"template":"","format":"standard","meta":{"om_disable_all_campaigns":false,"_jetpack_memberships_contains_paid_content":false,"footnotes":""},"categories":[621],"tags":[],"class_list":["post-94921","post","type-post","status-publish","format-standard","has-post-thumbnail","hentry","category-regionales"],"aioseo_notices":[],"gutentor_comment":0,"jetpack_featured_media_url":"https:\/\/eldiariodesanpedro.com.ar\/sitio\/wp-content\/uploads\/2021\/06\/130328_3.jpg","jetpack_shortlink":"https:\/\/wp.me\/p6RhLt-oGZ","jetpack_sharing_enabled":true,"_links":{"self":[{"href":"https:\/\/eldiariodesanpedro.com.ar\/sitio\/wp-json\/wp\/v2\/posts\/94921","targetHints":{"allow":["GET"]}}],"collection":[{"href":"https:\/\/eldiariodesanpedro.com.ar\/sitio\/wp-json\/wp\/v2\/posts"}],"about":[{"href":"https:\/\/eldiariodesanpedro.com.ar\/sitio\/wp-json\/wp\/v2\/types\/post"}],"author":[{"embeddable":true,"href":"https:\/\/eldiariodesanpedro.com.ar\/sitio\/wp-json\/wp\/v2\/users\/4"}],"replies":[{"embeddable":true,"href":"https:\/\/eldiariodesanpedro.com.ar\/sitio\/wp-json\/wp\/v2\/comments?post=94921"}],"version-history":[{"count":1,"href":"https:\/\/eldiariodesanpedro.com.ar\/sitio\/wp-json\/wp\/v2\/posts\/94921\/revisions"}],"predecessor-version":[{"id":94924,"href":"https:\/\/eldiariodesanpedro.com.ar\/sitio\/wp-json\/wp\/v2\/posts\/94921\/revisions\/94924"}],"wp:featuredmedia":[{"embeddable":true,"href":"https:\/\/eldiariodesanpedro.com.ar\/sitio\/wp-json\/wp\/v2\/media\/94922"}],"wp:attachment":[{"href":"https:\/\/eldiariodesanpedro.com.ar\/sitio\/wp-json\/wp\/v2\/media?parent=94921"}],"wp:term":[{"taxonomy":"category","embeddable":true,"href":"https:\/\/eldiariodesanpedro.com.ar\/sitio\/wp-json\/wp\/v2\/categories?post=94921"},{"taxonomy":"post_tag","embeddable":true,"href":"https:\/\/eldiariodesanpedro.com.ar\/sitio\/wp-json\/wp\/v2\/tags?post=94921"}],"curies":[{"name":"wp","href":"https:\/\/api.w.org\/{rel}","templated":true}]}}