{"id":94918,"date":"2021-06-29T10:57:24","date_gmt":"2021-06-29T13:57:24","guid":{"rendered":"https:\/\/eldiariodesanpedro.com.ar\/sitio\/?p=94918"},"modified":"2021-06-29T10:57:30","modified_gmt":"2021-06-29T13:57:30","slug":"55o-aniversario-de-la-agrupacion-mallorca-via-zoom","status":"publish","type":"post","link":"https:\/\/eldiariodesanpedro.com.ar\/sitio\/55o-aniversario-de-la-agrupacion-mallorca-via-zoom\/","title":{"rendered":"55\u00ba Aniversario de la Agrupaci\u00f3n Mallorca v\u00eda zoom"},"content":{"rendered":"<!-- VideographyWP Plugin Message: Automatic video embedding prevented by plugin options. -->\n\n<p>La Comisi\u00f3n de la Agrupaci\u00f3n Mallorca invita a la ciudadan\u00eda a compartir y celebrar juntos un nuevo cumplea\u00f1os de la Agrupaci\u00f3n en San Pedro.<\/p>\n\n\n\n<p>Se realizara  un brindis musical, bajo modalidad virtual, por su 55\u00b0 Aniversario. La cita ser\u00e1 este jueves 1 de Julio  a las 19 hs, v\u00eda zoom.<\/p>\n\n\n\n<p>Para unirse a la reuni\u00f3n bastar\u00e1 con presionar el siguente enlace:<br><a href=\"https:\/\/us04web.zoom.us\/j\/4969900446?pwd=dldpTUtFKzZsNGxRd3FGOEpBK2hxdz09\" target=\"_blank\" rel=\"noreferrer noopener\">https:\/\/us04web.zoom.us\/j\/4969900446?pwd=dldpTUtFKzZsNGxRd3FGOEpBK2hxdz09<\/a><\/p>\n\n\n\n<p>O bien utilizar los datos de conexi\u00f3n:ID de reuni\u00f3n: 496 990 0446<br>C\u00f3digo de acceso: SANPEDRO<\/p>\n","protected":false},"excerpt":{"rendered":"<p>La Comisi\u00f3n de la Agrupaci\u00f3n Mallorca invita a la ciudadan\u00eda a compartir y celebrar juntos un nuevo cumplea\u00f1os de la Agrupaci\u00f3n en San Pedro. Se realizara un brindis musical, bajo modalidad virtual, por su 55\u00b0 Aniversario. La cita ser\u00e1 este jueves 1 de Julio a las 19 hs, v\u00eda zoom. Para unirse a la reuni\u00f3n [&hellip;]<\/p>\n","protected":false},"author":4,"featured_media":94919,"comment_status":"open","ping_status":"closed","sticky":false,"template":"","format":"standard","meta":{"om_disable_all_campaigns":false,"_jetpack_memberships_contains_paid_content":false,"footnotes":""},"categories":[101,2],"tags":[],"class_list":["post-94918","post","type-post","status-publish","format-standard","has-post-thumbnail","hentry","category-interes-general-locales","category-locales"],"aioseo_notices":[],"gutentor_comment":0,"jetpack_featured_media_url":"https:\/\/eldiariodesanpedro.com.ar\/sitio\/wp-content\/uploads\/2021\/06\/INVITACION-55\u00b0-ANIVERSARIO.jpg","jetpack_shortlink":"https:\/\/wp.me\/p6RhLt-oGW","jetpack_sharing_enabled":true,"_links":{"self":[{"href":"https:\/\/eldiariodesanpedro.com.ar\/sitio\/wp-json\/wp\/v2\/posts\/94918","targetHints":{"allow":["GET"]}}],"collection":[{"href":"https:\/\/eldiariodesanpedro.com.ar\/sitio\/wp-json\/wp\/v2\/posts"}],"about":[{"href":"https:\/\/eldiariodesanpedro.com.ar\/sitio\/wp-json\/wp\/v2\/types\/post"}],"author":[{"embeddable":true,"href":"https:\/\/eldiariodesanpedro.com.ar\/sitio\/wp-json\/wp\/v2\/users\/4"}],"replies":[{"embeddable":true,"href":"https:\/\/eldiariodesanpedro.com.ar\/sitio\/wp-json\/wp\/v2\/comments?post=94918"}],"version-history":[{"count":1,"href":"https:\/\/eldiariodesanpedro.com.ar\/sitio\/wp-json\/wp\/v2\/posts\/94918\/revisions"}],"predecessor-version":[{"id":94920,"href":"https:\/\/eldiariodesanpedro.com.ar\/sitio\/wp-json\/wp\/v2\/posts\/94918\/revisions\/94920"}],"wp:featuredmedia":[{"embeddable":true,"href":"https:\/\/eldiariodesanpedro.com.ar\/sitio\/wp-json\/wp\/v2\/media\/94919"}],"wp:attachment":[{"href":"https:\/\/eldiariodesanpedro.com.ar\/sitio\/wp-json\/wp\/v2\/media?parent=94918"}],"wp:term":[{"taxonomy":"category","embeddable":true,"href":"https:\/\/eldiariodesanpedro.com.ar\/sitio\/wp-json\/wp\/v2\/categories?post=94918"},{"taxonomy":"post_tag","embeddable":true,"href":"https:\/\/eldiariodesanpedro.com.ar\/sitio\/wp-json\/wp\/v2\/tags?post=94918"}],"curies":[{"name":"wp","href":"https:\/\/api.w.org\/{rel}","templated":true}]}}