{"id":94915,"date":"2021-06-29T10:48:50","date_gmt":"2021-06-29T13:48:50","guid":{"rendered":"https:\/\/eldiariodesanpedro.com.ar\/sitio\/?p=94915"},"modified":"2021-06-29T10:48:55","modified_gmt":"2021-06-29T13:48:55","slug":"a-partir-de-manana-vacuna-libre-en-la-provincia-para-grupos-priorizados","status":"publish","type":"post","link":"https:\/\/eldiariodesanpedro.com.ar\/sitio\/a-partir-de-manana-vacuna-libre-en-la-provincia-para-grupos-priorizados\/","title":{"rendered":"A partir de ma\u00f1ana \u00abvacuna libre\u00bb en la Provincia para grupos priorizados"},"content":{"rendered":"<!-- VideographyWP Plugin Message: Automatic video embedding prevented by plugin options. -->\n\n<p>El gobernador Axel Kicillof confirm\u00f3 que habr\u00e1 vacuna libre para los grupos priorizados en la provincia de Buenos Aires.<\/p>\n\n\n\n<p>El gobernador bonaerense,\u00a0<strong>Axel Kicillof<\/strong>, anunci\u00f3 este martes 29 de junio que desde ma\u00f1ana mi\u00e9rcoles en la provincia de Buenos Aires pueden acceder a la\u00a0<strong>vacuna<\/strong>\u00a0libre todos los\u00a0<strong>grupos<\/strong>\u00a0priorizados. Asimismo, contin\u00faan llegan m\u00e1s dosis en estas horas.<\/p>\n\n\n\n<p>De esta manera, los mayores de 50, los trabajadores de la salud, la educaci\u00f3n, las fuerzas de seguridad, los mayores de 18 a\u00f1os con comorbilidades y las personas gestantes podr\u00e1n vacunarse sin turno y con la presentaci\u00f3n del DNI para acreditar domicilio en la Provincia.<\/p>\n","protected":false},"excerpt":{"rendered":"<p>El gobernador Axel Kicillof confirm\u00f3 que habr\u00e1 vacuna libre para los grupos priorizados en la provincia de Buenos Aires. El gobernador bonaerense,\u00a0Axel Kicillof, anunci\u00f3 este martes 29 de junio que desde ma\u00f1ana mi\u00e9rcoles en la provincia de Buenos Aires pueden acceder a la\u00a0vacuna\u00a0libre todos los\u00a0grupos\u00a0priorizados. Asimismo, contin\u00faan llegan m\u00e1s dosis en estas horas. De esta [&hellip;]<\/p>\n","protected":false},"author":4,"featured_media":94916,"comment_status":"open","ping_status":"closed","sticky":false,"template":"","format":"standard","meta":{"om_disable_all_campaigns":false,"_jetpack_memberships_contains_paid_content":false,"footnotes":""},"categories":[50,101,2],"tags":[],"class_list":["post-94915","post","type-post","status-publish","format-standard","has-post-thumbnail","hentry","category-destacadas","category-interes-general-locales","category-locales"],"aioseo_notices":[],"gutentor_comment":0,"jetpack_featured_media_url":"https:\/\/eldiariodesanpedro.com.ar\/sitio\/wp-content\/uploads\/2021\/06\/vacunacionjpg-1.jpg","jetpack_shortlink":"https:\/\/wp.me\/p6RhLt-oGT","jetpack_sharing_enabled":true,"_links":{"self":[{"href":"https:\/\/eldiariodesanpedro.com.ar\/sitio\/wp-json\/wp\/v2\/posts\/94915","targetHints":{"allow":["GET"]}}],"collection":[{"href":"https:\/\/eldiariodesanpedro.com.ar\/sitio\/wp-json\/wp\/v2\/posts"}],"about":[{"href":"https:\/\/eldiariodesanpedro.com.ar\/sitio\/wp-json\/wp\/v2\/types\/post"}],"author":[{"embeddable":true,"href":"https:\/\/eldiariodesanpedro.com.ar\/sitio\/wp-json\/wp\/v2\/users\/4"}],"replies":[{"embeddable":true,"href":"https:\/\/eldiariodesanpedro.com.ar\/sitio\/wp-json\/wp\/v2\/comments?post=94915"}],"version-history":[{"count":1,"href":"https:\/\/eldiariodesanpedro.com.ar\/sitio\/wp-json\/wp\/v2\/posts\/94915\/revisions"}],"predecessor-version":[{"id":94917,"href":"https:\/\/eldiariodesanpedro.com.ar\/sitio\/wp-json\/wp\/v2\/posts\/94915\/revisions\/94917"}],"wp:featuredmedia":[{"embeddable":true,"href":"https:\/\/eldiariodesanpedro.com.ar\/sitio\/wp-json\/wp\/v2\/media\/94916"}],"wp:attachment":[{"href":"https:\/\/eldiariodesanpedro.com.ar\/sitio\/wp-json\/wp\/v2\/media?parent=94915"}],"wp:term":[{"taxonomy":"category","embeddable":true,"href":"https:\/\/eldiariodesanpedro.com.ar\/sitio\/wp-json\/wp\/v2\/categories?post=94915"},{"taxonomy":"post_tag","embeddable":true,"href":"https:\/\/eldiariodesanpedro.com.ar\/sitio\/wp-json\/wp\/v2\/tags?post=94915"}],"curies":[{"name":"wp","href":"https:\/\/api.w.org\/{rel}","templated":true}]}}