{"id":94887,"date":"2021-06-28T17:53:50","date_gmt":"2021-06-28T20:53:50","guid":{"rendered":"https:\/\/eldiariodesanpedro.com.ar\/sitio\/?p=94887"},"modified":"2021-06-28T17:53:53","modified_gmt":"2021-06-28T20:53:53","slug":"zarate-una-mujer-se-tiro-desde-el-puente-del-viaducto","status":"publish","type":"post","link":"https:\/\/eldiariodesanpedro.com.ar\/sitio\/zarate-una-mujer-se-tiro-desde-el-puente-del-viaducto\/","title":{"rendered":"Z\u00c1RATE | Una mujer se tir\u00f3 desde el puente del viaducto"},"content":{"rendered":"<!-- VideographyWP Plugin Message: Automatic video embedding prevented by plugin options. -->\n\n<p><strong>Ocurri\u00f3 la tarde de domingo, pasadas las 15:00, cuando una mujer mayor de edad cay\u00f3 desde el puente del viaducto de la Avenida Ant\u00e1rtida Argentina.<\/strong><\/p>\n\n\n\n<p>Por motivos que se desconocen la mujer se arroj\u00f3 al vac\u00edo desde el puente impactando su cuerpo contra el asfalto.<\/p>\n\n\n\n<p>En el lugar intervinieron una ambulancia del Semu y agentes policiales quienes debieron interrumpir la circulaci\u00f3n vehicular. Minutos m\u00e1s tarde y en grave estado de salud fue trasladada hacia el hospital Zonal Virgen del Carmen.<\/p>\n","protected":false},"excerpt":{"rendered":"<p>Ocurri\u00f3 la tarde de domingo, pasadas las 15:00, cuando una mujer mayor de edad cay\u00f3 desde el puente del viaducto de la Avenida Ant\u00e1rtida Argentina. Por motivos que se desconocen la mujer se arroj\u00f3 al vac\u00edo desde el puente impactando su cuerpo contra el asfalto. En el lugar intervinieron una ambulancia del Semu y agentes [&hellip;]<\/p>\n","protected":false},"author":4,"featured_media":94888,"comment_status":"open","ping_status":"closed","sticky":false,"template":"","format":"standard","meta":{"om_disable_all_campaigns":false,"_jetpack_memberships_contains_paid_content":false,"footnotes":""},"categories":[621],"tags":[],"class_list":["post-94887","post","type-post","status-publish","format-standard","has-post-thumbnail","hentry","category-regionales"],"aioseo_notices":[],"gutentor_comment":0,"jetpack_featured_media_url":"https:\/\/eldiariodesanpedro.com.ar\/sitio\/wp-content\/uploads\/2021\/06\/1624820084159-696x538-1.jpg","jetpack_shortlink":"https:\/\/wp.me\/p6RhLt-oGr","jetpack_sharing_enabled":true,"_links":{"self":[{"href":"https:\/\/eldiariodesanpedro.com.ar\/sitio\/wp-json\/wp\/v2\/posts\/94887","targetHints":{"allow":["GET"]}}],"collection":[{"href":"https:\/\/eldiariodesanpedro.com.ar\/sitio\/wp-json\/wp\/v2\/posts"}],"about":[{"href":"https:\/\/eldiariodesanpedro.com.ar\/sitio\/wp-json\/wp\/v2\/types\/post"}],"author":[{"embeddable":true,"href":"https:\/\/eldiariodesanpedro.com.ar\/sitio\/wp-json\/wp\/v2\/users\/4"}],"replies":[{"embeddable":true,"href":"https:\/\/eldiariodesanpedro.com.ar\/sitio\/wp-json\/wp\/v2\/comments?post=94887"}],"version-history":[{"count":1,"href":"https:\/\/eldiariodesanpedro.com.ar\/sitio\/wp-json\/wp\/v2\/posts\/94887\/revisions"}],"predecessor-version":[{"id":94889,"href":"https:\/\/eldiariodesanpedro.com.ar\/sitio\/wp-json\/wp\/v2\/posts\/94887\/revisions\/94889"}],"wp:featuredmedia":[{"embeddable":true,"href":"https:\/\/eldiariodesanpedro.com.ar\/sitio\/wp-json\/wp\/v2\/media\/94888"}],"wp:attachment":[{"href":"https:\/\/eldiariodesanpedro.com.ar\/sitio\/wp-json\/wp\/v2\/media?parent=94887"}],"wp:term":[{"taxonomy":"category","embeddable":true,"href":"https:\/\/eldiariodesanpedro.com.ar\/sitio\/wp-json\/wp\/v2\/categories?post=94887"},{"taxonomy":"post_tag","embeddable":true,"href":"https:\/\/eldiariodesanpedro.com.ar\/sitio\/wp-json\/wp\/v2\/tags?post=94887"}],"curies":[{"name":"wp","href":"https:\/\/api.w.org\/{rel}","templated":true}]}}