{"id":94884,"date":"2021-06-28T17:46:10","date_gmt":"2021-06-28T20:46:10","guid":{"rendered":"https:\/\/eldiariodesanpedro.com.ar\/sitio\/?p=94884"},"modified":"2021-06-28T17:46:15","modified_gmt":"2021-06-28T20:46:15","slug":"luego-de-un-hackeo-a-la-pagina-de-la-municipalidad-se-mejoran-las-medidas-de-seguridad","status":"publish","type":"post","link":"https:\/\/eldiariodesanpedro.com.ar\/sitio\/luego-de-un-hackeo-a-la-pagina-de-la-municipalidad-se-mejoran-las-medidas-de-seguridad\/","title":{"rendered":"Luego de un hackeo a la pagina de la municipalidad se mejoran las medidas de seguridad"},"content":{"rendered":"<!-- VideographyWP Plugin Message: Automatic video embedding prevented by plugin options. -->\n\n<p>La Direcci\u00f3n de Modernizaci\u00f3n de San Pedro informa que el equipo profesional del \u00e1rea viene trabajando en diferentes medidas de seguridad que acompa\u00f1an la evoluci\u00f3n y la complejidad de todos los servicios digitales que se brindan a trav\u00e9s de las plataformas de la Municipalidad de San Pedro.<\/p>\n\n\n\n<p>Siempre con el objetivo de simplificar tr\u00e1mites y gestiones a los contribuyentes, estas posibilidades han ido escalando considerablemente en los \u00faltimos a\u00f1os y esa incorporaci\u00f3n de nuevas herramientas, expone tal como ocurre en todo el mundo, a posibles ataques que son prevenidos o intervenidos de acuerdo a cada circunstancia.<\/p>\n\n\n\n<p>Con relaci\u00f3n al reciente episodio denunciado en una cuenta de twitter de un consultor y especialista que ofrece servicios de seguridad inform\u00e1tica y que arrob\u00f3 en su publicaci\u00f3n a medios period\u00edsticos de San Pedro que luego elaboraron noticias al respecto, se informa que lo que se ha visto afectado ha sido el servidor que provee el servicio tercerizado de alojamiento del sitio web de la Municipalidad de San Pedro.<\/p>\n\n\n\n<p>La informaci\u00f3n sustra\u00edda se compone de combinaciones de usuario y contrase\u00f1a de acceso \u00fanicamente a los servicios digitales del sitio web <a href=\"http:\/\/www.sanpedro.gob.ar\">www.sanpedro.gob.ar<\/a> que se suspendieron ante la advertencia recibida. Adem\u00e1s, una base de datos de prestaciones del a\u00f1o 2014, e informaci\u00f3n sobre denuncias an\u00f3nimas web que no compromete a los denunciantes ya que no hay en ella ning\u00fan dato de los mismos.<\/p>\n\n\n\n<p>Los intentos de ataques inform\u00e1ticos son frecuentes en los sitios que ofrecen servicios digitales, y el acceso ilegal a la informaci\u00f3n sustra\u00edda y la difusi\u00f3n es un delito y por lo tanto incurre en \u00e9l, quien haya tomado conocimiento de un nombre de usuario y contrase\u00f1a y accedido a alguno de los servicios digitales del sitio web municipal.<\/p>\n\n\n\n<p>El hecho ocurrido, y la vulnerabilidad por la que se realiz\u00f3 este delito derivaron en un refuerzo de las acciones preventivas y correctivas para, por un lado, mitigar el efecto causado, y por otro prevenir su ocurrencia posterior.<\/p>\n\n\n\n<p>Desde el \u00e1rea, transmitimos tranquilidad respecto del impacto que podr\u00eda tener el acceso a los datos sustra\u00eddos, ya que con los servicios deshabilitados no hay forma de que las combinaciones de usuario\/contrase\u00f1a sean de utilidad en el sitio web del municipio. No obstante, a quienes tengan registro de que sus datos de acceso a estas plataformas son similares en otros servicios, les sugerimos modificarlos.<\/p>\n\n\n\n<p>Desde la Direcci\u00f3n de Rentas se ha dispuesto prorrogar el vencimiento de la Tasa de Seguridad e Higiene y se ha contactado personalmente a los contribuyentes que deban realizar sus DD.JJ.<\/p>\n\n\n\n<p>Adem\u00e1s, en breve, el resto de los usuarios recibir\u00e1n un correo particular para generar su nueva contrase\u00f1a de acceso.<\/p>\n\n\n\n<p>Por lo dem\u00e1s, cuando la renovaci\u00f3n total de los accesos y procedimientos est\u00e9n finalizados se brindar\u00e1 una comunicaci\u00f3n p\u00fablica oficial a trav\u00e9s de los canales de comunicaci\u00f3n institucionales y el mismo ser\u00e1 enviado a los medios para que en caso de considerarlo oportuno tambi\u00e9n le den difusi\u00f3n. Ante cualquier consulta pueden dirigirse al mail <a href=\"mailto:modernizacion@sanpedro.gob.ar\">modernizacion@sanpedro.gob.ar<\/a><\/p>\n\n\n\n<p>Queremos aprovechar la repercusi\u00f3n p\u00fablica del episodio para recordar la importancia de protegernos y proteger a quienes nos rodean de los delitos inform\u00e1ticos que tanto las empresas, las instituciones y tambi\u00e9n las personas, est\u00e1n expuestas en todo momento en Internet.<\/p>\n","protected":false},"excerpt":{"rendered":"<p>La Direcci\u00f3n de Modernizaci\u00f3n de San Pedro informa que el equipo profesional del \u00e1rea viene trabajando en diferentes medidas de seguridad que acompa\u00f1an la evoluci\u00f3n y la complejidad de todos los servicios digitales que se brindan a trav\u00e9s de las plataformas de la Municipalidad de San Pedro. Siempre con el objetivo de simplificar tr\u00e1mites y [&hellip;]<\/p>\n","protected":false},"author":4,"featured_media":94885,"comment_status":"open","ping_status":"closed","sticky":false,"template":"","format":"standard","meta":{"om_disable_all_campaigns":false,"_jetpack_memberships_contains_paid_content":false,"footnotes":""},"categories":[50,101,2],"tags":[],"class_list":["post-94884","post","type-post","status-publish","format-standard","has-post-thumbnail","hentry","category-destacadas","category-interes-general-locales","category-locales"],"aioseo_notices":[],"gutentor_comment":0,"jetpack_featured_media_url":"https:\/\/eldiariodesanpedro.com.ar\/sitio\/wp-content\/uploads\/2021\/06\/WhatsApp-Image-2021-06-28-at-17.34.39.jpeg","jetpack_shortlink":"https:\/\/wp.me\/p6RhLt-oGo","jetpack_sharing_enabled":true,"_links":{"self":[{"href":"https:\/\/eldiariodesanpedro.com.ar\/sitio\/wp-json\/wp\/v2\/posts\/94884","targetHints":{"allow":["GET"]}}],"collection":[{"href":"https:\/\/eldiariodesanpedro.com.ar\/sitio\/wp-json\/wp\/v2\/posts"}],"about":[{"href":"https:\/\/eldiariodesanpedro.com.ar\/sitio\/wp-json\/wp\/v2\/types\/post"}],"author":[{"embeddable":true,"href":"https:\/\/eldiariodesanpedro.com.ar\/sitio\/wp-json\/wp\/v2\/users\/4"}],"replies":[{"embeddable":true,"href":"https:\/\/eldiariodesanpedro.com.ar\/sitio\/wp-json\/wp\/v2\/comments?post=94884"}],"version-history":[{"count":1,"href":"https:\/\/eldiariodesanpedro.com.ar\/sitio\/wp-json\/wp\/v2\/posts\/94884\/revisions"}],"predecessor-version":[{"id":94886,"href":"https:\/\/eldiariodesanpedro.com.ar\/sitio\/wp-json\/wp\/v2\/posts\/94884\/revisions\/94886"}],"wp:featuredmedia":[{"embeddable":true,"href":"https:\/\/eldiariodesanpedro.com.ar\/sitio\/wp-json\/wp\/v2\/media\/94885"}],"wp:attachment":[{"href":"https:\/\/eldiariodesanpedro.com.ar\/sitio\/wp-json\/wp\/v2\/media?parent=94884"}],"wp:term":[{"taxonomy":"category","embeddable":true,"href":"https:\/\/eldiariodesanpedro.com.ar\/sitio\/wp-json\/wp\/v2\/categories?post=94884"},{"taxonomy":"post_tag","embeddable":true,"href":"https:\/\/eldiariodesanpedro.com.ar\/sitio\/wp-json\/wp\/v2\/tags?post=94884"}],"curies":[{"name":"wp","href":"https:\/\/api.w.org\/{rel}","templated":true}]}}