{"id":94882,"date":"2021-06-28T17:38:53","date_gmt":"2021-06-28T20:38:53","guid":{"rendered":"https:\/\/eldiariodesanpedro.com.ar\/sitio\/?p=94882"},"modified":"2021-06-28T17:38:57","modified_gmt":"2021-06-28T20:38:57","slug":"un-delincuente-que-se-movilizaba-en-bicicleta-le-robo-el-celular-a-joven-repartidor-en-bicicleta","status":"publish","type":"post","link":"https:\/\/eldiariodesanpedro.com.ar\/sitio\/un-delincuente-que-se-movilizaba-en-bicicleta-le-robo-el-celular-a-joven-repartidor-en-bicicleta\/","title":{"rendered":"Un delincuente que se movilizaba en bicicleta le rob\u00f3 el celular a joven repartidor en bicicleta"},"content":{"rendered":"<!-- VideographyWP Plugin Message: Automatic video embedding prevented by plugin options. -->\n\n<p>El pasado viernes en horas de la ma\u00f1ana un joven ciudadano de 18 a\u00f1os, que en momentos en que cumpl\u00eda su jornada laboral a bordo de su bicicleta, en lugar del hecho se aproxima a bordo de otra bicicleta un masculino a quien desconoce y le arrebata elemento celular Samsung A52.\u00a0<\/p>\n\n\n\n<p>Lugar de fuga por calle R\u00edobamba en direcci\u00f3n a calle Cruz Roja.<\/p>\n\n\n\n<p>Int. UFI N\u00b005. Colaboraci\u00f3n a DDI, centro de monitoreo y G.T.O.-<\/p>\n","protected":false},"excerpt":{"rendered":"<p>El pasado viernes en horas de la ma\u00f1ana un joven ciudadano de 18 a\u00f1os, que en momentos en que cumpl\u00eda su jornada laboral a bordo de su bicicleta, en lugar del hecho se aproxima a bordo de otra bicicleta un masculino a quien desconoce y le arrebata elemento celular Samsung A52.\u00a0 Lugar de fuga por [&hellip;]<\/p>\n","protected":false},"author":4,"featured_media":78843,"comment_status":"open","ping_status":"closed","sticky":false,"template":"","format":"standard","meta":{"om_disable_all_campaigns":false,"_jetpack_memberships_contains_paid_content":false,"footnotes":""},"categories":[2,103],"tags":[],"class_list":["post-94882","post","type-post","status-publish","format-standard","has-post-thumbnail","hentry","category-locales","category-policiales-locales"],"aioseo_notices":[],"gutentor_comment":0,"jetpack_featured_media_url":"https:\/\/eldiariodesanpedro.com.ar\/sitio\/wp-content\/uploads\/2020\/08\/0.jpg","jetpack_shortlink":"https:\/\/wp.me\/p6RhLt-oGm","jetpack_sharing_enabled":true,"_links":{"self":[{"href":"https:\/\/eldiariodesanpedro.com.ar\/sitio\/wp-json\/wp\/v2\/posts\/94882","targetHints":{"allow":["GET"]}}],"collection":[{"href":"https:\/\/eldiariodesanpedro.com.ar\/sitio\/wp-json\/wp\/v2\/posts"}],"about":[{"href":"https:\/\/eldiariodesanpedro.com.ar\/sitio\/wp-json\/wp\/v2\/types\/post"}],"author":[{"embeddable":true,"href":"https:\/\/eldiariodesanpedro.com.ar\/sitio\/wp-json\/wp\/v2\/users\/4"}],"replies":[{"embeddable":true,"href":"https:\/\/eldiariodesanpedro.com.ar\/sitio\/wp-json\/wp\/v2\/comments?post=94882"}],"version-history":[{"count":1,"href":"https:\/\/eldiariodesanpedro.com.ar\/sitio\/wp-json\/wp\/v2\/posts\/94882\/revisions"}],"predecessor-version":[{"id":94883,"href":"https:\/\/eldiariodesanpedro.com.ar\/sitio\/wp-json\/wp\/v2\/posts\/94882\/revisions\/94883"}],"wp:featuredmedia":[{"embeddable":true,"href":"https:\/\/eldiariodesanpedro.com.ar\/sitio\/wp-json\/wp\/v2\/media\/78843"}],"wp:attachment":[{"href":"https:\/\/eldiariodesanpedro.com.ar\/sitio\/wp-json\/wp\/v2\/media?parent=94882"}],"wp:term":[{"taxonomy":"category","embeddable":true,"href":"https:\/\/eldiariodesanpedro.com.ar\/sitio\/wp-json\/wp\/v2\/categories?post=94882"},{"taxonomy":"post_tag","embeddable":true,"href":"https:\/\/eldiariodesanpedro.com.ar\/sitio\/wp-json\/wp\/v2\/tags?post=94882"}],"curies":[{"name":"wp","href":"https:\/\/api.w.org\/{rel}","templated":true}]}}