{"id":94879,"date":"2021-06-28T17:24:59","date_gmt":"2021-06-28T20:24:59","guid":{"rendered":"https:\/\/eldiariodesanpedro.com.ar\/sitio\/?p=94879"},"modified":"2026-01-23T23:20:20","modified_gmt":"2026-01-24T02:20:20","slug":"dia-del-orgullo-lgbt-por-que-se-celebra-hoy-28-de-junio","status":"publish","type":"post","link":"https:\/\/eldiariodesanpedro.com.ar\/sitio\/dia-del-orgullo-lgbt-por-que-se-celebra-hoy-28-de-junio\/","title":{"rendered":"D\u00eda del Orgullo LGBT: por qu\u00e9 se celebra hoy, 28 de junio"},"content":{"rendered":"<!-- VideographyWP Plugin Message: Automatic video embedding prevented by plugin options. -->\n\n<p>Este lunes 28 de junio, en la Argentina y el resto del mundo, se llevar\u00e1n a cabo distintas celebraciones por el D\u00eda Internacional del Orgullo. Conoc\u00e9 los detalles.<\/p>\n\n\n\n<p>Este lunes 28 de junio se celebra en todo el mundo el\u00a0<strong>D\u00eda Internacional del Orgullo LGBT<\/strong>. Si bien esa es la fecha establecida, desde hace un tiempo durante todo el mes de junio se llevan adelante actividades conmemorativas que buscan promover la tolerancia e igualdad.\u00a0Ac\u00e1 te contamos los detalles.<\/p>\n\n\n\n<h3 class=\"wp-block-heading\">\u00bfPor qu\u00e9 se celebra hoy el D\u00eda del Orgullo LGBT?<\/h3>\n\n\n\n<p><strong>El 28 de junio fue elegido como fecha porque alude a la revuelta en el bar neoyorquino Stonewall Inn en 1969<\/strong>, cuando personas trans, gays y lesbianas&nbsp;<strong>respondieron a una razzia por parte de la polic\u00eda<\/strong>&nbsp;con monedas, botellas y piedras. Los disturbios se extendieron durante varios d\u00edas y marcaron el inicio del movimiento moderno por los derechos LGBTIQ+ en todo el mundo.<\/p>\n\n\n\n<p>Por esta raz\u00f3n,<strong>\u00a0todos los a\u00f1os se llevan a cabo movilizaciones que consisten en desfiles en donde los integrantes de la comunidad LGBT adoptan esto como una de las m\u00faltiples formas de expresi\u00f3n<\/strong>. En este espacio acuden personas de distintas identidades sexuales que muchas veces son discriminadas, como gays, lesbianas, bisexuales, transexuales, entre otros, solicitando respeto y rechazan cualquier tipo de intolerancia.<\/p>\n\n\n\n<h3 class=\"wp-block-heading\">\u00bfCu\u00e1ndo se celebr\u00f3 el D\u00eda del Orgullo por primera vez en Argentina?<\/h3>\n\n\n\n<p>En Argentina,<strong>&nbsp;la primera marcha del Orgullo se llev\u00f3 a cabo el 28 de junio de 1992 en la ciudad de Buenos Aires<\/strong>, en la cual participaron m\u00e1s de 200 personas, la mayor\u00eda de ellas con pa\u00f1uelos o m\u00e1scaras que cubr\u00edan sus rostros por temor a ser reconocidas en sus trabajos y por sus familias.<\/p>\n","protected":false},"excerpt":{"rendered":"<p>Este lunes 28 de junio, en la Argentina y el resto del mundo, se llevar\u00e1n a cabo distintas celebraciones por el D\u00eda Internacional del Orgullo. Conoc\u00e9 los detalles. Este lunes 28 de junio se celebra en todo el mundo el\u00a0D\u00eda Internacional del Orgullo LGBT. Si bien esa es la fecha establecida, desde hace un tiempo [&hellip;]<\/p>\n","protected":false},"author":4,"featured_media":94880,"comment_status":"open","ping_status":"closed","sticky":false,"template":"","format":"standard","meta":{"om_disable_all_campaigns":false,"_jetpack_memberships_contains_paid_content":false,"footnotes":""},"categories":[3],"tags":[],"class_list":["post-94879","post","type-post","status-publish","format-standard","has-post-thumbnail","hentry","category-nacionales"],"aioseo_notices":[],"gutentor_comment":0,"jetpack_featured_media_url":"https:\/\/eldiariodesanpedro.com.ar\/sitio\/wp-content\/uploads\/2021\/06\/dia-del-orgullo_862x485.jpg","jetpack_shortlink":"https:\/\/wp.me\/p6RhLt-oGj","jetpack_sharing_enabled":true,"_links":{"self":[{"href":"https:\/\/eldiariodesanpedro.com.ar\/sitio\/wp-json\/wp\/v2\/posts\/94879","targetHints":{"allow":["GET"]}}],"collection":[{"href":"https:\/\/eldiariodesanpedro.com.ar\/sitio\/wp-json\/wp\/v2\/posts"}],"about":[{"href":"https:\/\/eldiariodesanpedro.com.ar\/sitio\/wp-json\/wp\/v2\/types\/post"}],"author":[{"embeddable":true,"href":"https:\/\/eldiariodesanpedro.com.ar\/sitio\/wp-json\/wp\/v2\/users\/4"}],"replies":[{"embeddable":true,"href":"https:\/\/eldiariodesanpedro.com.ar\/sitio\/wp-json\/wp\/v2\/comments?post=94879"}],"version-history":[{"count":1,"href":"https:\/\/eldiariodesanpedro.com.ar\/sitio\/wp-json\/wp\/v2\/posts\/94879\/revisions"}],"predecessor-version":[{"id":94881,"href":"https:\/\/eldiariodesanpedro.com.ar\/sitio\/wp-json\/wp\/v2\/posts\/94879\/revisions\/94881"}],"wp:featuredmedia":[{"embeddable":true,"href":"https:\/\/eldiariodesanpedro.com.ar\/sitio\/wp-json\/wp\/v2\/media\/94880"}],"wp:attachment":[{"href":"https:\/\/eldiariodesanpedro.com.ar\/sitio\/wp-json\/wp\/v2\/media?parent=94879"}],"wp:term":[{"taxonomy":"category","embeddable":true,"href":"https:\/\/eldiariodesanpedro.com.ar\/sitio\/wp-json\/wp\/v2\/categories?post=94879"},{"taxonomy":"post_tag","embeddable":true,"href":"https:\/\/eldiariodesanpedro.com.ar\/sitio\/wp-json\/wp\/v2\/tags?post=94879"}],"curies":[{"name":"wp","href":"https:\/\/api.w.org\/{rel}","templated":true}]}}