{"id":94874,"date":"2021-06-28T13:21:52","date_gmt":"2021-06-28T16:21:52","guid":{"rendered":"https:\/\/eldiariodesanpedro.com.ar\/sitio\/?p=94874"},"modified":"2021-06-28T17:19:42","modified_gmt":"2021-06-28T20:19:42","slug":"asamblea-general-extraordinaria-clinica-privada-san-pedro-sa","status":"publish","type":"post","link":"https:\/\/eldiariodesanpedro.com.ar\/sitio\/asamblea-general-extraordinaria-clinica-privada-san-pedro-sa\/","title":{"rendered":"Asamblea General Extraordinaria Cl\u00ednica Privada San Pedro SA"},"content":{"rendered":"<!-- VideographyWP Plugin Message: Automatic video embedding prevented by plugin options. -->\n\n<p>C<strong>ONVOCATORIA A ASAMBLEA GENERAL EXTRAORDINARIA<\/strong><\/p>\n\n\n\n<p><strong>CL\u00cdNICA PRIVADA SAN PEDRO SA<\/strong><\/p>\n\n\n\n<p><strong>POR 5 D\u00cdAS<\/strong>: Convocase a los accionistas de Clinica Privada San Pedro SA a la Asamblea General Extraordinaria en los t\u00e9rminos del art.236 LSC. La misma se realizar\u00e1 en la sede social de calle Belgrano 505 San Pedro, el d\u00eda 13 de julio de 2021 a las 20 hs. A fin de tratar el siguiente&nbsp;<\/p>\n\n\n\n<p><strong>Orden del D\u00eda:<\/strong><\/p>\n\n\n\n<p>1.-Designaci\u00f3n de dos accionistas para firmar el Acta.<br>2.- Situaci\u00f3n econ\u00f3mica financiera de la sociedad. Medidas a tomar.<br>3.- Modificaci\u00f3n del art\u00edculo d\u00e9cimo sexto que se propone queda redactado como sigue:<\/p>\n\n\n\n<p>\u201cEn caso de fallecimiento de un accionista los herederos deber\u00e1n obligatoriamente unificar personer\u00eda. Podr\u00e1n ejercer las siguientes opciones: 1. Proponer la venta de las acciones ofreciendo en primer lugar a los restantes socios por partes iguales, quienes deber\u00e1n responder en el plazo de diez d\u00edas. Si alguno de ellos rehusare ejercer este derecho los restantes podr\u00e1n a crecer su tenencia.<br>\u00a02. En caso de negativa de todos los accionistas podr\u00e1 ofrecerlas a un tercero.<\/p>\n\n\n\n<p>Sociedad no comprendida art.299, Ley 19550. San Pedro.<br>EL DIRECTORIO. TERESA TOMASIELLO. PRESIDENTE<br>Sociedad no comprendida art.299, Ley 19550. San Pedro.<\/p>\n","protected":false},"excerpt":{"rendered":"<p>CONVOCATORIA A ASAMBLEA GENERAL EXTRAORDINARIA CL\u00cdNICA PRIVADA SAN PEDRO SA POR 5 D\u00cdAS: Convocase a los accionistas de Clinica Privada San Pedro SA a la Asamblea General Extraordinaria en los t\u00e9rminos del art.236 LSC. La misma se realizar\u00e1 en la sede social de calle Belgrano 505 San Pedro, el d\u00eda 13 de julio de 2021 [&hellip;]<\/p>\n","protected":false},"author":4,"featured_media":94875,"comment_status":"open","ping_status":"closed","sticky":false,"template":"","format":"standard","meta":{"om_disable_all_campaigns":false,"_jetpack_memberships_contains_paid_content":false,"footnotes":""},"categories":[678,676],"tags":[2252],"class_list":["post-94874","post","type-post","status-publish","format-standard","has-post-thumbnail","hentry","category-convocatorias","category-edictos","tag-asamblea-general-extraordinaria-clinica-privada-san-pedro-sa"],"aioseo_notices":[],"gutentor_comment":0,"jetpack_featured_media_url":"https:\/\/eldiariodesanpedro.com.ar\/sitio\/wp-content\/uploads\/2021\/06\/Clinica-San-Pedro-Srl-Convocatoria-extraordinaria.jpg","jetpack_shortlink":"https:\/\/wp.me\/p6RhLt-oGe","jetpack_sharing_enabled":true,"_links":{"self":[{"href":"https:\/\/eldiariodesanpedro.com.ar\/sitio\/wp-json\/wp\/v2\/posts\/94874","targetHints":{"allow":["GET"]}}],"collection":[{"href":"https:\/\/eldiariodesanpedro.com.ar\/sitio\/wp-json\/wp\/v2\/posts"}],"about":[{"href":"https:\/\/eldiariodesanpedro.com.ar\/sitio\/wp-json\/wp\/v2\/types\/post"}],"author":[{"embeddable":true,"href":"https:\/\/eldiariodesanpedro.com.ar\/sitio\/wp-json\/wp\/v2\/users\/4"}],"replies":[{"embeddable":true,"href":"https:\/\/eldiariodesanpedro.com.ar\/sitio\/wp-json\/wp\/v2\/comments?post=94874"}],"version-history":[{"count":2,"href":"https:\/\/eldiariodesanpedro.com.ar\/sitio\/wp-json\/wp\/v2\/posts\/94874\/revisions"}],"predecessor-version":[{"id":94878,"href":"https:\/\/eldiariodesanpedro.com.ar\/sitio\/wp-json\/wp\/v2\/posts\/94874\/revisions\/94878"}],"wp:featuredmedia":[{"embeddable":true,"href":"https:\/\/eldiariodesanpedro.com.ar\/sitio\/wp-json\/wp\/v2\/media\/94875"}],"wp:attachment":[{"href":"https:\/\/eldiariodesanpedro.com.ar\/sitio\/wp-json\/wp\/v2\/media?parent=94874"}],"wp:term":[{"taxonomy":"category","embeddable":true,"href":"https:\/\/eldiariodesanpedro.com.ar\/sitio\/wp-json\/wp\/v2\/categories?post=94874"},{"taxonomy":"post_tag","embeddable":true,"href":"https:\/\/eldiariodesanpedro.com.ar\/sitio\/wp-json\/wp\/v2\/tags?post=94874"}],"curies":[{"name":"wp","href":"https:\/\/api.w.org\/{rel}","templated":true}]}}