{"id":94871,"date":"2021-06-28T13:15:20","date_gmt":"2021-06-28T16:15:20","guid":{"rendered":"https:\/\/eldiariodesanpedro.com.ar\/sitio\/?p=94871"},"modified":"2021-06-28T13:15:26","modified_gmt":"2021-06-28T16:15:26","slug":"zarate-le-dieron-la-libertad-al-ferretero-que-mato-al-ladron-pero-sigue-imputado-por-homicidio-con-exceso-de-la-legitima-defensa","status":"publish","type":"post","link":"https:\/\/eldiariodesanpedro.com.ar\/sitio\/zarate-le-dieron-la-libertad-al-ferretero-que-mato-al-ladron-pero-sigue-imputado-por-homicidio-con-exceso-de-la-legitima-defensa\/","title":{"rendered":"Z\u00c1RATE | Le dieron la libertad al ferretero que mato al ladr\u00f3n pero sigue imputado por homicidio con exceso de la legitima defensa"},"content":{"rendered":"<!-- VideographyWP Plugin Message: Automatic video embedding prevented by plugin options. -->\n\n<p><strong>El hecho<br>A<\/strong>yer al mediod\u00eda, un delincuente muri\u00f3 en un asalt\u00f3 a la Ferreteria RyM, ubicada en calle Pellegrini al 2200, de Z\u00e1rate.<br>El delincuente le pidi\u00f3 a un empleado la plata de la caja, pero a pesar que este accedi\u00f3 le habr\u00eda efectuado un disparo. Ante esto, el due\u00f1o del lugar tom\u00f3 un arma 9 mm -registrada- y le efectu\u00f3 2 disparos abatiendo al delincuente.<br>En el intercambio de disparos una bala dio en la pierna de un vecino de 40 a\u00f1os que pasaba por el lugar. Fue trasladado al hospital y est\u00e1 fuera de peligro.<\/p>\n\n\n\n<p><strong>Le dieron la libertad al ferretero que mato al ladr\u00f3n pero sigue imputado por homicidio con exceso de la legitima defensa<\/strong><br>El ferretero que este s\u00e1bado se defendi\u00f3 en un asalto y mat\u00f3 al ladr\u00f3n, identificado como Ruben Maldivo de 49 a\u00f1os de edad, declar\u00f3 hace instantes frente a la Dra. Andrea Palacios y le concedieron la libertad pese a que seguir\u00e1 imputado en la causa.<br>\u201cPrest\u00f3 declaraci\u00f3n reci\u00e9n y respondi\u00f3 todo. La causa contin\u00faa por el delito de homicidio calificado por el uso de arma de fuego con exceso en la leg\u00edtima defensa, lesiones culposas (persona herida fuera del local) y tenencia de arma de guerra\u2026 la tiene registrada\u201d, explic\u00f3 el Dr. Hugo Tomei, su abogado defensor.<\/p>\n\n\n\n<p><strong>El delincuente muerto en el asalto tenia una larga historia delictiva<\/strong><br>Se trata de Rub\u00e9n\u00a0Dar\u00edo\u00a0Malvido, de 49 a\u00f1os de edad.\u00a0\u00a0Seg\u00fan se confirm\u00f3,\u00a0ten\u00eda un arma r\u00e9plica de aire comprimido.\u00a0<br>La fiscal del caso, Andrea Palacios confirm\u00f3 que se trat\u00f3 \u201cde un intento de robo\u201d y\u00a0definir\u00e1 en las pr\u00f3ximas horas la situaci\u00f3n del comerciante quien se encuentra demorado en sede policial.\u00a0<\/p>\n\n\n\n<p>LARGA HISTORIA DELICTIVA\u00a0<br>Rub\u00e9n Dar\u00edo Malvido,\u00a0el delincuente muerto hoy ya\u00a0hab\u00eda\u00a0ca\u00eddo\u00a0preso por otros hechos anteriores, siempre asaltos a comercios y hab\u00eda salido en libertad recientemente, tras ser condenando por un violento asalto ocurrido en 2010.\u00a0\u00a0<br>Antes\u00a0hab\u00eda purgado una condena por un violento robo calificado cometido el 6 de abril de 2005, tambi\u00e9n en el centro\u00a0zarate\u00f1o.\u00a0<br>Ese d\u00eda, Malvido junto a tres c\u00f3mplices asaltaron la joyer\u00eda\u00a0Treffinger\u00a0y el banco Patagonia. A la salida de la entidad bancaria se enfrentaron con la polic\u00eda y Malvido fue herido gravemente en la base del cuello.\u00a0<br>Tanto \u00e9l como otros dos integrantes de la banda fueron condenados por el delito de robo calificado y privaci\u00f3n de la libertad -hab\u00edan tomado un reh\u00e9n durante los atracos- entre otros.\u00a0<br>En prisi\u00f3n, donde ya hab\u00eda estado con anterioridad, Malvido se integr\u00f3 a un grupo teatral, donde ejerci\u00f3 distintos roles actorales en obras teatrales que presentaron tanto dentro como fuera del penal.\u00a0\u00a0<\/p>\n\n\n\n<p><\/p>\n\n\n\n<p> <\/p>\n","protected":false},"excerpt":{"rendered":"<p>El hechoAyer al mediod\u00eda, un delincuente muri\u00f3 en un asalt\u00f3 a la Ferreteria RyM, ubicada en calle Pellegrini al 2200, de Z\u00e1rate.El delincuente le pidi\u00f3 a un empleado la plata de la caja, pero a pesar que este accedi\u00f3 le habr\u00eda efectuado un disparo. Ante esto, el due\u00f1o del lugar tom\u00f3 un arma 9 mm [&hellip;]<\/p>\n","protected":false},"author":4,"featured_media":94872,"comment_status":"open","ping_status":"closed","sticky":false,"template":"","format":"standard","meta":{"om_disable_all_campaigns":false,"_jetpack_memberships_contains_paid_content":false,"footnotes":""},"categories":[621],"tags":[],"class_list":["post-94871","post","type-post","status-publish","format-standard","has-post-thumbnail","hentry","category-regionales"],"aioseo_notices":[],"gutentor_comment":0,"jetpack_featured_media_url":"https:\/\/eldiariodesanpedro.com.ar\/sitio\/wp-content\/uploads\/2021\/06\/7aa13657-a487-46a6-ba87-da11f1b07397.jpg","jetpack_shortlink":"https:\/\/wp.me\/p6RhLt-oGb","jetpack_sharing_enabled":true,"_links":{"self":[{"href":"https:\/\/eldiariodesanpedro.com.ar\/sitio\/wp-json\/wp\/v2\/posts\/94871","targetHints":{"allow":["GET"]}}],"collection":[{"href":"https:\/\/eldiariodesanpedro.com.ar\/sitio\/wp-json\/wp\/v2\/posts"}],"about":[{"href":"https:\/\/eldiariodesanpedro.com.ar\/sitio\/wp-json\/wp\/v2\/types\/post"}],"author":[{"embeddable":true,"href":"https:\/\/eldiariodesanpedro.com.ar\/sitio\/wp-json\/wp\/v2\/users\/4"}],"replies":[{"embeddable":true,"href":"https:\/\/eldiariodesanpedro.com.ar\/sitio\/wp-json\/wp\/v2\/comments?post=94871"}],"version-history":[{"count":1,"href":"https:\/\/eldiariodesanpedro.com.ar\/sitio\/wp-json\/wp\/v2\/posts\/94871\/revisions"}],"predecessor-version":[{"id":94873,"href":"https:\/\/eldiariodesanpedro.com.ar\/sitio\/wp-json\/wp\/v2\/posts\/94871\/revisions\/94873"}],"wp:featuredmedia":[{"embeddable":true,"href":"https:\/\/eldiariodesanpedro.com.ar\/sitio\/wp-json\/wp\/v2\/media\/94872"}],"wp:attachment":[{"href":"https:\/\/eldiariodesanpedro.com.ar\/sitio\/wp-json\/wp\/v2\/media?parent=94871"}],"wp:term":[{"taxonomy":"category","embeddable":true,"href":"https:\/\/eldiariodesanpedro.com.ar\/sitio\/wp-json\/wp\/v2\/categories?post=94871"},{"taxonomy":"post_tag","embeddable":true,"href":"https:\/\/eldiariodesanpedro.com.ar\/sitio\/wp-json\/wp\/v2\/tags?post=94871"}],"curies":[{"name":"wp","href":"https:\/\/api.w.org\/{rel}","templated":true}]}}