{"id":94868,"date":"2021-06-28T11:37:56","date_gmt":"2021-06-28T14:37:56","guid":{"rendered":"https:\/\/eldiariodesanpedro.com.ar\/sitio\/?p=94868"},"modified":"2021-06-28T11:38:00","modified_gmt":"2021-06-28T14:38:00","slug":"otro-caso-de-abigeato-encontraron-una-vaca-maniatada-y-resto-de-otra","status":"publish","type":"post","link":"https:\/\/eldiariodesanpedro.com.ar\/sitio\/otro-caso-de-abigeato-encontraron-una-vaca-maniatada-y-resto-de-otra\/","title":{"rendered":"Otro caso de abigeato, encontraron una vaca maniatada y resto de otra"},"content":{"rendered":"<!-- VideographyWP Plugin Message: Automatic video embedding prevented by plugin options. -->\n\n<p>En horas de la tarde personal destacamento La Tosquera toma conocimiento de la existencia de vaca maniatada en campo zona rural.&nbsp;<\/p>\n\n\n\n<p>Constatando as\u00ed la existencia de vaca Pampa Colorada y restos de otro animal de misma clase.&nbsp;<\/p>\n\n\n\n<p>Fiscal\u00eda turno dispone secuestro carne y se procure identificaci\u00f3n propietario para su posterior entrega.&nbsp;<\/p>\n","protected":false},"excerpt":{"rendered":"<p>En horas de la tarde personal destacamento La Tosquera toma conocimiento de la existencia de vaca maniatada en campo zona rural.&nbsp; Constatando as\u00ed la existencia de vaca Pampa Colorada y restos de otro animal de misma clase.&nbsp; Fiscal\u00eda turno dispone secuestro carne y se procure identificaci\u00f3n propietario para su posterior entrega.&nbsp;<\/p>\n","protected":false},"author":4,"featured_media":94869,"comment_status":"open","ping_status":"closed","sticky":false,"template":"","format":"standard","meta":{"om_disable_all_campaigns":false,"_jetpack_memberships_contains_paid_content":false,"footnotes":""},"categories":[101,2],"tags":[],"class_list":["post-94868","post","type-post","status-publish","format-standard","has-post-thumbnail","hentry","category-interes-general-locales","category-locales"],"aioseo_notices":[],"gutentor_comment":0,"jetpack_featured_media_url":"https:\/\/eldiariodesanpedro.com.ar\/sitio\/wp-content\/uploads\/2021\/06\/WhatsApp-Image-2021-06-28-at-10.17.06-rotated.jpeg","jetpack_shortlink":"https:\/\/wp.me\/p6RhLt-oG8","jetpack_sharing_enabled":true,"_links":{"self":[{"href":"https:\/\/eldiariodesanpedro.com.ar\/sitio\/wp-json\/wp\/v2\/posts\/94868","targetHints":{"allow":["GET"]}}],"collection":[{"href":"https:\/\/eldiariodesanpedro.com.ar\/sitio\/wp-json\/wp\/v2\/posts"}],"about":[{"href":"https:\/\/eldiariodesanpedro.com.ar\/sitio\/wp-json\/wp\/v2\/types\/post"}],"author":[{"embeddable":true,"href":"https:\/\/eldiariodesanpedro.com.ar\/sitio\/wp-json\/wp\/v2\/users\/4"}],"replies":[{"embeddable":true,"href":"https:\/\/eldiariodesanpedro.com.ar\/sitio\/wp-json\/wp\/v2\/comments?post=94868"}],"version-history":[{"count":1,"href":"https:\/\/eldiariodesanpedro.com.ar\/sitio\/wp-json\/wp\/v2\/posts\/94868\/revisions"}],"predecessor-version":[{"id":94870,"href":"https:\/\/eldiariodesanpedro.com.ar\/sitio\/wp-json\/wp\/v2\/posts\/94868\/revisions\/94870"}],"wp:featuredmedia":[{"embeddable":true,"href":"https:\/\/eldiariodesanpedro.com.ar\/sitio\/wp-json\/wp\/v2\/media\/94869"}],"wp:attachment":[{"href":"https:\/\/eldiariodesanpedro.com.ar\/sitio\/wp-json\/wp\/v2\/media?parent=94868"}],"wp:term":[{"taxonomy":"category","embeddable":true,"href":"https:\/\/eldiariodesanpedro.com.ar\/sitio\/wp-json\/wp\/v2\/categories?post=94868"},{"taxonomy":"post_tag","embeddable":true,"href":"https:\/\/eldiariodesanpedro.com.ar\/sitio\/wp-json\/wp\/v2\/tags?post=94868"}],"curies":[{"name":"wp","href":"https:\/\/api.w.org\/{rel}","templated":true}]}}