{"id":94863,"date":"2021-06-28T10:57:46","date_gmt":"2021-06-28T13:57:46","guid":{"rendered":"https:\/\/eldiariodesanpedro.com.ar\/sitio\/?p=94863"},"modified":"2021-06-28T10:57:50","modified_gmt":"2021-06-28T13:57:50","slug":"un-hombre-con-un-machete-trato-de-agredir-a-una-mujer-y-lesiono-a-un-efectivo-policial","status":"publish","type":"post","link":"https:\/\/eldiariodesanpedro.com.ar\/sitio\/un-hombre-con-un-machete-trato-de-agredir-a-una-mujer-y-lesiono-a-un-efectivo-policial\/","title":{"rendered":"Un hombre con un machete trato de agredir a una mujer y lesiono a un efectivo policial"},"content":{"rendered":"<!-- VideographyWP Plugin Message: Automatic video embedding prevented by plugin options. -->\n\n<p>En la noche de ayer alrededor de las 22:30 hs el personal policial de nuestra ciudad es alertado a trav\u00e9s de un llamado al 911 por lo que se hace presente un m\u00f3vil en calle Av. 11 de Septiembre 1800, proceden a la aprehensi\u00f3n de masculino 32 a\u00f1os, quien se encontraba en domicilio femenina 31 a\u00f1os, amenaz\u00e1ndola de muerte con arma tipo machete, el agresor opuso resistencia atentando contra el personal policial lesionando a un oficial de la comisar\u00eda&nbsp; lesi\u00f3n leve.&nbsp;<\/p>\n\n\n\n<p>El aprehendido permanece alojado en sede policial a disposici\u00f3n judicial.<\/p>\n\n\n\n<p>En la denuncia la v\u00edctima refiere que el agresor que vive en el mismo barrio fuera de s\u00ed se present\u00f3 con arma blanca intentando agredir por lo que convoc\u00f3 a la polic\u00eda.<\/p>\n","protected":false},"excerpt":{"rendered":"<p>En la noche de ayer alrededor de las 22:30 hs el personal policial de nuestra ciudad es alertado a trav\u00e9s de un llamado al 911 por lo que se hace presente un m\u00f3vil en calle Av. 11 de Septiembre 1800, proceden a la aprehensi\u00f3n de masculino 32 a\u00f1os, quien se encontraba en domicilio femenina 31 [&hellip;]<\/p>\n","protected":false},"author":4,"featured_media":94864,"comment_status":"open","ping_status":"closed","sticky":false,"template":"","format":"standard","meta":{"om_disable_all_campaigns":false,"_jetpack_memberships_contains_paid_content":false,"footnotes":""},"categories":[50,2,103],"tags":[],"class_list":["post-94863","post","type-post","status-publish","format-standard","has-post-thumbnail","hentry","category-destacadas","category-locales","category-policiales-locales"],"aioseo_notices":[],"gutentor_comment":0,"jetpack_featured_media_url":"https:\/\/eldiariodesanpedro.com.ar\/sitio\/wp-content\/uploads\/2021\/06\/WhatsApp-Image-2021-06-28-at-10.15.02.jpeg","jetpack_shortlink":"https:\/\/wp.me\/p6RhLt-oG3","jetpack_sharing_enabled":true,"_links":{"self":[{"href":"https:\/\/eldiariodesanpedro.com.ar\/sitio\/wp-json\/wp\/v2\/posts\/94863","targetHints":{"allow":["GET"]}}],"collection":[{"href":"https:\/\/eldiariodesanpedro.com.ar\/sitio\/wp-json\/wp\/v2\/posts"}],"about":[{"href":"https:\/\/eldiariodesanpedro.com.ar\/sitio\/wp-json\/wp\/v2\/types\/post"}],"author":[{"embeddable":true,"href":"https:\/\/eldiariodesanpedro.com.ar\/sitio\/wp-json\/wp\/v2\/users\/4"}],"replies":[{"embeddable":true,"href":"https:\/\/eldiariodesanpedro.com.ar\/sitio\/wp-json\/wp\/v2\/comments?post=94863"}],"version-history":[{"count":1,"href":"https:\/\/eldiariodesanpedro.com.ar\/sitio\/wp-json\/wp\/v2\/posts\/94863\/revisions"}],"predecessor-version":[{"id":94865,"href":"https:\/\/eldiariodesanpedro.com.ar\/sitio\/wp-json\/wp\/v2\/posts\/94863\/revisions\/94865"}],"wp:featuredmedia":[{"embeddable":true,"href":"https:\/\/eldiariodesanpedro.com.ar\/sitio\/wp-json\/wp\/v2\/media\/94864"}],"wp:attachment":[{"href":"https:\/\/eldiariodesanpedro.com.ar\/sitio\/wp-json\/wp\/v2\/media?parent=94863"}],"wp:term":[{"taxonomy":"category","embeddable":true,"href":"https:\/\/eldiariodesanpedro.com.ar\/sitio\/wp-json\/wp\/v2\/categories?post=94863"},{"taxonomy":"post_tag","embeddable":true,"href":"https:\/\/eldiariodesanpedro.com.ar\/sitio\/wp-json\/wp\/v2\/tags?post=94863"}],"curies":[{"name":"wp","href":"https:\/\/api.w.org\/{rel}","templated":true}]}}